{"id":41458,"date":"2024-09-25T03:18:00","date_gmt":"2024-09-25T03:18:00","guid":{"rendered":"https:\/\/tvbrazilusa.com\/2024\/09\/25\/em-busca-de-liberdade-e-um-futuro-melhor-mais-de-800-mil-cubanos-fugiram-para-os-eua-desde-2021\/"},"modified":"2024-09-25T03:18:01","modified_gmt":"2024-09-25T03:18:01","slug":"em-busca-de-liberdade-e-um-futuro-melhor-mais-de-800-mil-cubanos-fugiram-para-os-eua-desde-2021","status":"publish","type":"post","link":"https:\/\/tvbrazilusa.com\/pt\/2024\/09\/25\/em-busca-de-liberdade-e-um-futuro-melhor-mais-de-800-mil-cubanos-fugiram-para-os-eua-desde-2021\/","title":{"rendered":"Em busca de liberdade e um futuro melhor, mais de 800 mil cubanos fugiram para os EUA desde 2021"},"content":{"rendered":"<p> <script async src=\"https:\/\/pagead2.googlesyndication.com\/pagead\/js\/adsbygoogle.js?client=ca-pub-8864793242727901\"\r\n     crossorigin=\"anonymous\"><\/script><br \/>\n<\/p>\n<div id=\"taboola-read-more\" style=\"display:block; width:100%\">\n<p tabindex=\"0\">O \u00eaxodo cubano alcan\u00e7ou propor\u00e7\u00f5es in\u00e9ditas nos \u00faltimos tr\u00eas anos, com mais de 850 mil cidad\u00e3os deixando a ilha comunista em busca de melhores condi\u00e7\u00f5es de vida nos Estados Unidos, noticiou o jornal espanhol\u00a0<em>El Pa\u00eds<\/em>.\n<\/p>\n<p tabindex=\"0\">\u00a0<\/p>\n<p tabindex=\"0\">Segundo a publica\u00e7\u00e3o, citando dados da alf\u00e2ndega americana, entre outubro de 2021 e setembro de 2023, 533 mil cubanos chegaram aos Estados Unidos. J\u00e1 no per\u00edodo entre outubro de 2023 e agosto de 2024, esse n\u00famero foi acrescido por mais 208 mil solicitantes de asilo. Al\u00e9m disso, outros 110 mil cubanos receberam o benef\u00edcio do programa de entrada humanit\u00e1ria do governo dos EUA desde 2023, ou seja, no total, cerca de 851 mil cubanos foram embora para o territ\u00f3rio americano.\n<\/p>\n<p tabindex=\"0\">\u00a0\n<\/p>\n<p tabindex=\"0\">Esses n\u00fameros, no entanto, n\u00e3o consideram os que migraram para os EUA com outros tipos de visto, o que sugere que o verdadeiro saldo migrat\u00f3rio pode ser ainda maior.\n<\/p>\n<p tabindex=\"0\">Conforme o\u00a0<em>El Pa\u00eds,\u00a0<\/em>essa fuga de cubanos para os EUA reduziu a popula\u00e7\u00e3o da ilha comunista em aproximadamente 18%, um fen\u00f4meno que parece estar longe de se reverter.\n<\/p>\n<p tabindex=\"0\">\u00a0\n<\/p>\n<p tabindex=\"0\">O economista e dem\u00f3grafo cubano Juan Carlos Albizu-Campos destacou ao jornal espanhol que essa sa\u00edda de cubanos de seu pa\u00eds natal est\u00e1 sendo acompanhada por uma queda significativa no n\u00famero de nascimentos e um aumento da mortalidade. Segundo ele, a situa\u00e7\u00e3o populacional de Cuba neste momento \u201c\u00e9 cr\u00edtica\u201d, com cada vez menos jovens e uma m\u00e9dia de idade que n\u00e3o para de crescer. &#8220;O decl\u00ednio da popula\u00e7\u00e3o tem continuado&#8221;, afirmou Albizu-Campos ao\u00a0<em>El Pa\u00eds<\/em>, desafiando as estat\u00edsticas oficiais do regime cubano, que insiste em uma popula\u00e7\u00e3o superior a 11 milh\u00f5es. Albizu-Campos, no entanto, afirma que a popula\u00e7\u00e3o real presente na ilha neste momento \u00e9 de apenas 8,62 milh\u00f5es.\n<\/p>\n<p tabindex=\"0\">\u00a0\n<\/p>\n<p tabindex=\"0\">A jovem Elsa, de 30 anos, \u00e9 uma das muitas cubanas que decidiram partir: &#8220;Era muito dif\u00edcil resolver e saciar as necessidades b\u00e1sicas, [em Cuba] n\u00e3o havia de nada, o tema dos apag\u00f5es era insuport\u00e1vel e o da comida. O pre\u00e7o do d\u00f3lar subia sem parar&#8221;, relatou ela, segundo informa\u00e7\u00f5es do portal argentino\u00a0<em>Infobae<\/em>.\n<\/p>\n<p tabindex=\"0\">\u00a0\n<\/p>\n<p tabindex=\"0\">Elsa vive em Miami desde novembro de 2023, quando entrou nos EUA ap\u00f3s percorrer um arriscado trajeto de 3 mil quil\u00f4metros. Sua jornada come\u00e7ou em Man\u00e1gua, na Nicar\u00e1gua, onde chegou sem necessidade de visto, um facilitador que tem sido um dos principais impulsionadores do \u00eaxodo cubano desde que o regime nicaraguense eliminou essa exig\u00eancia em 2021.\n<\/p>\n<p tabindex=\"0\">\u00a0\n<\/p>\n<p tabindex=\"0\">Esse \u00eaxodo de cubanos de sua terra natal \u00e9, segundo o\u00a0<em>El Pa\u00eds<\/em>, considerado o maior desde a Revolu\u00e7\u00e3o Cubana de 1959. Al\u00e9m dos Estados Unidos, pa\u00edses como M\u00e9xico, Uruguai e Chile t\u00eam sido destinos recorrentes para os cubanos. No M\u00e9xico, por exemplo, mais de 36 mil cubanos pediram ref\u00fagio entre 2022 e 2023. No Uruguai, cerca de 22 mil cubanos chegaram nos \u00faltimos anos, enquanto centenas desembarcaram no Chile\n<\/p>\n<p><strong>\u00a0Gazeta do Povo\u00a0<\/strong><\/p>\n<p>\u00a0<\/p>\n<\/p><\/div>\n<p><br \/>\n<br \/><a href=\"https:\/\/diariodobrasilnoticias.com.br\/noticia\/em-busca-de-liberdade-e-um-futuro-melhor-mais-de-800-mil-cubanos-fugiram-para-os-eua-desde-2021-66f343f7d881d\">Source link <\/a><\/p>","protected":false},"excerpt":{"rendered":"<p>O \u00eaxodo cubano alcan\u00e7ou propor\u00e7\u00f5es in\u00e9ditas nos \u00faltimos tr\u00eas anos, com mais de 850 mil cidad\u00e3os deixando a ilha comunista em busca de melhores condi\u00e7\u00f5es de vida nos Estados Unidos,&hellip;<\/p>","protected":false},"author":1,"featured_media":41459,"comment_status":"closed","ping_status":"open","sticky":false,"template":"","format":"standard","meta":{"content-type":"","footnotes":""},"categories":[16],"tags":[123,2448,5313,1267],"class_list":["post-41458","post","type-post","status-publish","format-standard","has-post-thumbnail","hentry","category-noticias","tag-brasil","tag-diario","tag-noticia","tag-noticias"],"_links":{"self":[{"href":"https:\/\/tvbrazilusa.com\/pt\/wp-json\/wp\/v2\/posts\/41458","targetHints":{"allow":["GET"]}}],"collection":[{"href":"https:\/\/tvbrazilusa.com\/pt\/wp-json\/wp\/v2\/posts"}],"about":[{"href":"https:\/\/tvbrazilusa.com\/pt\/wp-json\/wp\/v2\/types\/post"}],"author":[{"embeddable":true,"href":"https:\/\/tvbrazilusa.com\/pt\/wp-json\/wp\/v2\/users\/1"}],"replies":[{"embeddable":true,"href":"https:\/\/tvbrazilusa.com\/pt\/wp-json\/wp\/v2\/comments?post=41458"}],"version-history":[{"count":1,"href":"https:\/\/tvbrazilusa.com\/pt\/wp-json\/wp\/v2\/posts\/41458\/revisions"}],"predecessor-version":[{"id":41460,"href":"https:\/\/tvbrazilusa.com\/pt\/wp-json\/wp\/v2\/posts\/41458\/revisions\/41460"}],"wp:featuredmedia":[{"embeddable":true,"href":"https:\/\/tvbrazilusa.com\/pt\/wp-json\/wp\/v2\/media\/41459"}],"wp:attachment":[{"href":"https:\/\/tvbrazilusa.com\/pt\/wp-json\/wp\/v2\/media?parent=41458"}],"wp:term":[{"taxonomy":"category","embeddable":true,"href":"https:\/\/tvbrazilusa.com\/pt\/wp-json\/wp\/v2\/categories?post=41458"},{"taxonomy":"post_tag","embeddable":true,"href":"https:\/\/tvbrazilusa.com\/pt\/wp-json\/wp\/v2\/tags?post=41458"}],"curies":[{"name":"wp","href":"https:\/\/api.w.org\/{rel}","templated":true}]}}