{"id":41476,"date":"2024-09-25T04:16:59","date_gmt":"2024-09-25T04:16:59","guid":{"rendered":"https:\/\/tvbrazilusa.com\/2024\/09\/25\/sub-ten-da-policia-militar-do-rn-e-atacada-pela-militancia-de-esquerda-parnamirinense-e-sociedade-dos-poetas-vivos-solta-nota-veja\/"},"modified":"2024-09-25T04:17:00","modified_gmt":"2024-09-25T04:17:00","slug":"sub-ten-da-policia-militar-do-rn-e-atacada-pela-militancia-de-esquerda-parnamirinense-e-sociedade-dos-poetas-vivos-solta-nota-veja","status":"publish","type":"post","link":"https:\/\/tvbrazilusa.com\/pt\/2024\/09\/25\/sub-ten-da-policia-militar-do-rn-e-atacada-pela-militancia-de-esquerda-parnamirinense-e-sociedade-dos-poetas-vivos-solta-nota-veja\/","title":{"rendered":"Sub-Ten da Pol\u00edcia Militar do RN \u00e9 atacada pela milit\u00e2ncia de esquerda Parnamirinense e \u201csociedade dos poetas vivos\u201d solta nota, veja"},"content":{"rendered":"<p> <script async src=\"https:\/\/pagead2.googlesyndication.com\/pagead\/js\/adsbygoogle.js?client=ca-pub-8864793242727901\"\r\n     crossorigin=\"anonymous\"><\/script><br \/>\n<\/p>\n<div id=\"taboola-read-more\" style=\"display:block; width:100%\">\n<p>N\u00f3s que fazemos a Sociedade dos Poetas Vivos e Afins do Rio Grande do Norte vimos manifestar solidariedade \u00e0 C\u00e9lia Melo que, recentemente, foi contratada para fazer uma performance art\u00edstica em um v\u00eddeo que circula em Parnamirim, com um roteiro previamente elaborado pela empresa contratante e est\u00e1 sendo atacada nas redes.\n<\/p>\n<p>\u00c9 importante mencionar que, na hist\u00f3ria da arte brasileira, artistas s\u00e3o apontados ou perseguidos, principalmente quando entregam para o p\u00fablico uma performance constru\u00edda com humor.<\/p>\n<p>C\u00e9lia Melo \u00e9 um exemplo de ser humano, pessoa de car\u00e1ter, militante pelas causas das mulheres. Sua arte \u00e9 uma extens\u00e3o do que acredita: posiciona-se contra a viol\u00eancia, o racismo e qualquer forma de preconceito e, nitidamente, est\u00e1 engajada em campanhas educativas, tais como Outubro Rosa, Setembro Amarelo, entre outras. Sua contribui\u00e7\u00e3o pode ser vista no cinema e no teatro, e tamb\u00e9m na produ\u00e7\u00e3o de cordel e poesia.\n<\/p>\n<p>No cargo de Coordenadora de Eventos da SPVA\/RN, sempre tratou com respeito e afeto confrades, confreiras e p\u00fablico.\n<\/p>\n<p>\u00c9 importante informar que ela nem reside e nem vota na cidade de Parnamirim, isto \u00e9, n\u00e3o possui rela\u00e7\u00e3o com o contexto pol\u00edtico da referida cidade e nem \u00e9 filiada a algum partido pol\u00edtico. Ainda assim, refor\u00e7amos que suas escolhas pol\u00edticas dizem respeito a si mesma.\n<\/p>\n<p>O voto \u00e9 um direito conquistado com muita luta para que cada mulher pudesse exercer sua cidadania. Nosso Pa\u00eds \u00e9 laico. Defenderemos sempre o processo democr\u00e1tico, pois a sociedade brasileira \u00e9 diversa em cultura, religi\u00e3o e posicionamento pol\u00edtico.\n<\/p>\n<p>Toda a nossa solidariedade \u00e0 C\u00e9lia Melo, nossa C\u00e9lia Bombom. <\/p>\n<\/div>\n<p><br \/>\n<br \/><a href=\"https:\/\/diariodobrasilnoticias.com.br\/noticia\/sub-ten-da-policia-militar-do-rn-e-atacada-pela-militancia-de-esquerda-parnamirinense-e-sociedade-dos-poetas-vivos-solta-nota-veja-66f329c692c3b\">Source link <\/a><\/p>","protected":false},"excerpt":{"rendered":"<p>N\u00f3s que fazemos a Sociedade dos Poetas Vivos e Afins do Rio Grande do Norte vimos manifestar solidariedade \u00e0 C\u00e9lia Melo que, recentemente, foi contratada para fazer uma performance art\u00edstica&hellip;<\/p>","protected":false},"author":1,"featured_media":41477,"comment_status":"closed","ping_status":"open","sticky":false,"template":"","format":"standard","meta":{"content-type":"","footnotes":""},"categories":[16],"tags":[123,2448,5313,1267],"class_list":["post-41476","post","type-post","status-publish","format-standard","has-post-thumbnail","hentry","category-noticias","tag-brasil","tag-diario","tag-noticia","tag-noticias"],"_links":{"self":[{"href":"https:\/\/tvbrazilusa.com\/pt\/wp-json\/wp\/v2\/posts\/41476","targetHints":{"allow":["GET"]}}],"collection":[{"href":"https:\/\/tvbrazilusa.com\/pt\/wp-json\/wp\/v2\/posts"}],"about":[{"href":"https:\/\/tvbrazilusa.com\/pt\/wp-json\/wp\/v2\/types\/post"}],"author":[{"embeddable":true,"href":"https:\/\/tvbrazilusa.com\/pt\/wp-json\/wp\/v2\/users\/1"}],"replies":[{"embeddable":true,"href":"https:\/\/tvbrazilusa.com\/pt\/wp-json\/wp\/v2\/comments?post=41476"}],"version-history":[{"count":1,"href":"https:\/\/tvbrazilusa.com\/pt\/wp-json\/wp\/v2\/posts\/41476\/revisions"}],"predecessor-version":[{"id":41478,"href":"https:\/\/tvbrazilusa.com\/pt\/wp-json\/wp\/v2\/posts\/41476\/revisions\/41478"}],"wp:featuredmedia":[{"embeddable":true,"href":"https:\/\/tvbrazilusa.com\/pt\/wp-json\/wp\/v2\/media\/41477"}],"wp:attachment":[{"href":"https:\/\/tvbrazilusa.com\/pt\/wp-json\/wp\/v2\/media?parent=41476"}],"wp:term":[{"taxonomy":"category","embeddable":true,"href":"https:\/\/tvbrazilusa.com\/pt\/wp-json\/wp\/v2\/categories?post=41476"},{"taxonomy":"post_tag","embeddable":true,"href":"https:\/\/tvbrazilusa.com\/pt\/wp-json\/wp\/v2\/tags?post=41476"}],"curies":[{"name":"wp","href":"https:\/\/api.w.org\/{rel}","templated":true}]}}