{"id":41479,"date":"2024-09-25T04:29:47","date_gmt":"2024-09-25T04:29:47","guid":{"rendered":"https:\/\/tvbrazilusa.com\/2024\/09\/25\/o-ministerio-publico-de-pernambuco-se-opos-ao-pedido-de-prisao-de-gusttavo-lima\/"},"modified":"2024-09-25T04:29:49","modified_gmt":"2024-09-25T04:29:49","slug":"o-ministerio-publico-de-pernambuco-se-opos-ao-pedido-de-prisao-de-gusttavo-lima","status":"publish","type":"post","link":"https:\/\/tvbrazilusa.com\/pt\/2024\/09\/25\/o-ministerio-publico-de-pernambuco-se-opos-ao-pedido-de-prisao-de-gusttavo-lima\/","title":{"rendered":"O Minist\u00e9rio P\u00fablico de Pernambuco se op\u00f4s ao pedido de pris\u00e3o de Gusttavo Lima"},"content":{"rendered":"<p> <script async src=\"https:\/\/pagead2.googlesyndication.com\/pagead\/js\/adsbygoogle.js?client=ca-pub-8864793242727901\"\r\n     crossorigin=\"anonymous\"><\/script><br \/>\n<\/p>\n<div>\n<figure class=\"post-image\">\n<\/figure>\n<p><span style=\"font-size: 12px\">Foto: Reprodu\u00e7\u00e3o\/Instagram\/@gusttavolima<\/span><\/p>\n<div id=\"taboola-read-more\" style=\"display:block; width:100%\">\n<p>O Minist\u00e9rio P\u00fablico de Pernambuco (MPPE) se posicionou contra o pedido de pris\u00e3o do cantor Gusttavo Lima. A Justi\u00e7a do Recife acusa o artista de estar envolvido em um esquema de lavagem de dinheiro e de jogo ilegal.\n<\/p>\n<p>No come\u00e7o das investiga\u00e7\u00f5es, o MPPE se posicionou a favor da pris\u00e3o de todos os indiciados da Opera\u00e7\u00e3o Integration. No entanto, mudou de opini\u00e3o depois de a Justi\u00e7a incluir os nomes de Nivaldo Batista Lima (nome de registro de Gusttavo Lima) e Boris Maciel Padilha nos autos do processo.<\/p>\n<blockquote>\n<p>No Instagram, Padilha se descreve como especialista em mercado de luxo.\n<\/p>\n<\/blockquote>\n<\/div>\n<p>O inqu\u00e9rito policial determinou que a dupla passasse pelas mesmas medidas cautelares que outros investigados passaram. Como, por exemplo, a pris\u00e3o da influenciadora digital Deolane Bezerra \u2014 solta desde a \u00faltima segunda-feira, 23.\n<\/p>\n<p>O Minist\u00e9rio P\u00fablico de Pernambuco sugeriu a substitui\u00e7\u00e3o dos pedidos de pris\u00e3o e das demais medidas cautelares aplicadas.\n<\/p>\n<p>A ju\u00edza respons\u00e1vel por expedir o mandato de pris\u00e3o, Andrea Calado da Cruz, afirmou que a Justi\u00e7a n\u00e3o pode se deixar levar pelos \u201cclamores populares\u201d e que deve seguir o rito. Ela afirmou que sua fun\u00e7\u00e3o exige que ela aplique a lei com imparcialidade.\n<\/p>\n<p dir=\"ltr\">\u201cN\u00e3o pode, tampouco, ser influenciado pelo poder econ\u00f4mico ou pelo\u00a0<em dir=\"ltr\">status<\/em>\u00a0social dos investigados\u201d, afirmou a magistrada da 12\u00aa Vara Criminal do Recife. \u201cA Justi\u00e7a deve ser cega a esses fatores, tratando todos, independentemente de sua posi\u00e7\u00e3o, com a mesma equidade e rigor, conforme os princ\u00edpios constitucionais que garantem a isonomia e a imparcialidade na condu\u00e7\u00e3o dos processos.\u201d\n<\/p>\n<p dir=\"ltr\">\u00a0\n<\/p>\n<p>Em resposta, o MPPE afirmou que a pris\u00e3o das personalidades poderia causar constrangimento ilegal. Andrea negou a declara\u00e7\u00e3o.\n<\/p>\n<p>\u201cEssa afirma\u00e7\u00e3o carece de evid\u00eancias concretas e embasamento jur\u00eddico, limitando-se a uma ret\u00f3rica infundada que n\u00e3o resiste a um exame mais rigoroso\u201d, explicou a ju\u00edza.\n<\/p>\n<h2>Entenda o pedido de pris\u00e3o de Gusttavo Lima<\/h2>\n<p>Na tarde da \u00faltima segunda-feira, 23, o Tribunal de Justi\u00e7a de Pernambuco expediu um mandato de pris\u00e3o contra o cantor Gusttavo Lima. Al\u00e9m do envolvimento com lavagem de dinheiro e jogo ilegal, a ju\u00edza Andrea Calado acusou o artista de dar guriada a foragidos.\n<\/p>\n<p>A magistrada alega que o cantor ajudou um casal investigado na Opera\u00e7\u00e3o Integration a fugir do Brasil. Gusttavo Lima teria deixado Andr\u00e9 Rocha e Aislla Rocha na Espanha antes de voltar a Goi\u00e2nia. Ele comemorou seu anivers\u00e1rio de 35 anos na Gr\u00e9cia.\n<\/p>\n<p><strong>Revista Oeste\u00a0<\/strong> <\/p>\n<\/div>\n<p><br \/>\n<br \/><a href=\"https:\/\/diariodobrasilnoticias.com.br\/noticia\/o-ministerio-publico-de-pernambuco-se-opos-ao-pedido-de-prisao-de-gusttavo-lima-66f33dc559433\">Source link <\/a><\/p>","protected":false},"excerpt":{"rendered":"<p>Foto: Reprodu\u00e7\u00e3o\/Instagram\/@gusttavolima O Minist\u00e9rio P\u00fablico de Pernambuco (MPPE) se posicionou contra o pedido de pris\u00e3o do cantor Gusttavo Lima. A Justi\u00e7a do Recife acusa o artista de estar envolvido em&hellip;<\/p>","protected":false},"author":1,"featured_media":41480,"comment_status":"closed","ping_status":"open","sticky":false,"template":"","format":"standard","meta":{"content-type":"","footnotes":""},"categories":[16],"tags":[123,2448,5313,1267],"class_list":["post-41479","post","type-post","status-publish","format-standard","has-post-thumbnail","hentry","category-noticias","tag-brasil","tag-diario","tag-noticia","tag-noticias"],"_links":{"self":[{"href":"https:\/\/tvbrazilusa.com\/pt\/wp-json\/wp\/v2\/posts\/41479","targetHints":{"allow":["GET"]}}],"collection":[{"href":"https:\/\/tvbrazilusa.com\/pt\/wp-json\/wp\/v2\/posts"}],"about":[{"href":"https:\/\/tvbrazilusa.com\/pt\/wp-json\/wp\/v2\/types\/post"}],"author":[{"embeddable":true,"href":"https:\/\/tvbrazilusa.com\/pt\/wp-json\/wp\/v2\/users\/1"}],"replies":[{"embeddable":true,"href":"https:\/\/tvbrazilusa.com\/pt\/wp-json\/wp\/v2\/comments?post=41479"}],"version-history":[{"count":1,"href":"https:\/\/tvbrazilusa.com\/pt\/wp-json\/wp\/v2\/posts\/41479\/revisions"}],"predecessor-version":[{"id":41481,"href":"https:\/\/tvbrazilusa.com\/pt\/wp-json\/wp\/v2\/posts\/41479\/revisions\/41481"}],"wp:featuredmedia":[{"embeddable":true,"href":"https:\/\/tvbrazilusa.com\/pt\/wp-json\/wp\/v2\/media\/41480"}],"wp:attachment":[{"href":"https:\/\/tvbrazilusa.com\/pt\/wp-json\/wp\/v2\/media?parent=41479"}],"wp:term":[{"taxonomy":"category","embeddable":true,"href":"https:\/\/tvbrazilusa.com\/pt\/wp-json\/wp\/v2\/categories?post=41479"},{"taxonomy":"post_tag","embeddable":true,"href":"https:\/\/tvbrazilusa.com\/pt\/wp-json\/wp\/v2\/tags?post=41479"}],"curies":[{"name":"wp","href":"https:\/\/api.w.org\/{rel}","templated":true}]}}