{"id":41532,"date":"2024-09-25T11:46:03","date_gmt":"2024-09-25T11:46:03","guid":{"rendered":"https:\/\/tvbrazilusa.com\/2024\/09\/25\/13-fotografos-latinos-mostram-suas-raizes-em-nova-exposicao-na-galeria-da-njcu\/"},"modified":"2024-09-25T11:57:30","modified_gmt":"2024-09-25T11:57:30","slug":"13-fotografos-latinos-mostram-suas-raizes-em-nova-exposicao-na-galeria-da-njcu","status":"publish","type":"post","link":"https:\/\/tvbrazilusa.com\/pt\/2024\/09\/25\/13-fotografos-latinos-mostram-suas-raizes-em-nova-exposicao-na-galeria-da-njcu\/","title":{"rendered":"13 fot\u00f3grafos latinos mostram suas ra\u00edzes em nova exposi\u00e7\u00e3o na galeria da NJCU"},"content":{"rendered":"<script async src=\"https:\/\/pagead2.googlesyndication.com\/pagead\/js\/adsbygoogle.js?client=ca-pub-8864793242727901\"\r\n     crossorigin=\"anonymous\"><\/script>\n<div>\n<p class=\"article__paragraph article__paragraph--left\" id=\"22X5WYRQFFGT3GACR4UXPWAZMY\">A Galeria de Artes Visuais da New Jersey City University (NJCU) lan\u00e7ou esta semana Lente Latine\/Latin Lens, uma exposi\u00e7\u00e3o coletiva do trabalho de 13 fot\u00f3grafos latinos.<\/p>\n<p class=\"article__paragraph article__paragraph--left\" id=\"XY4ZY7YI7JE6VAWGQXSIMP5SIE\">A exposi\u00e7\u00e3o, na qual os fot\u00f3grafos participantes capturaram suas comunidades atrav\u00e9s das lentes de suas c\u00e2meras, faz parte da programa\u00e7\u00e3o do M\u00eas da Heran\u00e7a Hisp\u00e2nica da NJCU no campus de agora at\u00e9 15 de outubro. Ela explora perspectivas, hist\u00f3rias e express\u00f5es art\u00edsticas dentro da comunidade latino-americana e sua di\u00e1spora. Todos os artistas participantes s\u00e3o baseados no<b> <\/b>Costa Leste.<\/p>\n<p class=\"article__paragraph article__paragraph--left\" id=\"SNVFBFJV65BYFIWYKLVYBY5L6U\">A exposi\u00e7\u00e3o destaca contribui\u00e7\u00f5es significativas de criadores latinos para a cultura americana e permanecer\u00e1 em exibi\u00e7\u00e3o at\u00e9 31 de outubro.<\/p>\n<p class=\"article__paragraph article__paragraph--left\" id=\"H2GWZ67YGNDJLM4Y2TQ37N55YU\">Latin Lens tem curadoria da fot\u00f3grafa Natali Bravo-Barbee. Cada artista envolvido explora suas ra\u00edzes ancestrais, identidade cultural e comunidades diasp\u00f3ricas por meio de t\u00e9cnicas fotogr\u00e1ficas variadas.<\/p>\n<p class=\"article__paragraph article__paragraph--left\" id=\"UMGUOGEROZHDFC7EQRYF5I4KHQ\">Os artistas apresentados incluem Manuel Acevedo (Porto Rico), Carlos Alejandro (Catalunha\/Porto Rico), Lizzy Alejandro (Porto Rico), Jacqueline Herranz Brooks (Cuba), Monica Flores (M\u00e9xico), Juan C. Giraldo (Col\u00f4mbia), Orestes Gonzalez ( Cuba), Cesar Melgar (Peru\/Col\u00f4mbia), Qiana Mestrich (Panam\u00e1\/Cro\u00e1cia), Josefina Fernandez Moran (Argentina), William Riera (Cuba), Gabriel Garcia Roman (M\u00e9xico) e Dakota Santiago (Hondouras\/Porto Rico\/Espanha).<\/p>\n<p class=\"article__paragraph article__paragraph--left\" id=\"WKMMJFYSWFEKLIJYNFVZKL73AE\">O p\u00fablico tamb\u00e9m ter\u00e1 acesso \u00e0 exposi\u00e7\u00e3o, pois ela participa do Jersey City Art and Studio Tour anual, no dia 4 de outubro, das 17h \u00e0s 20h.<\/p>\n<p class=\"article__paragraph article__paragraph--left\" id=\"XTKGWLHLMZDOZFGHBBQT2UN7PM\">As exposi\u00e7\u00f5es de arte ser\u00e3o realizadas na Visual Arts Building Gallery, na 100 Culver Ave., Jersey City.<\/p>\n<p class=\"article__paragraph article__paragraph--left\" id=\"OLFQQ65MZ5CMHHMY5L2RSR43JQ\">O hor\u00e1rio de funcionamento da galeria \u00e9 de segunda a sexta-feira, das 11h \u00e0s 17h, e mediante agendamento, por e-mail <a href=\"https:\/\/www.nj.com\/hudson\/2024\/09\/mailto:gallery@njcu.edu\">galeria@njcu.edu<\/a>.<\/p>\n<\/div>\n<p><br \/>\n<br \/><a href=\"https:\/\/www.nj.com\/hudson\/2024\/09\/13-latinx-photographers-show-off-their-roots-in-new-exhibit-at-njcu-gallery.html\">Source link <\/a><\/p>","protected":false},"excerpt":{"rendered":"<p>A Galeria de Artes Visuais da New Jersey City University (NJCU) lan\u00e7ou esta semana Lente Latine\/Latin Lens, uma exposi\u00e7\u00e3o coletiva do trabalho de 13 fot\u00f3grafos latinos. A exposi\u00e7\u00e3o, na qual&hellip;<\/p>","protected":false},"author":1,"featured_media":41533,"comment_status":"closed","ping_status":"open","sticky":false,"template":"","format":"standard","meta":{"content-type":"","footnotes":""},"categories":[1],"tags":[3210,22561,22557,3899,3906,11828,2995,22560,22563,5836,7680,22554,22547,18606,22568,3048,22566,22569,22553,2628,5160,7395,22567,22565,22564,22562,22559,22558,22556,22555,22552,22551,22550,22549,22548,22546,1294,1338,2184,1325,1317,1310,1288,1290],"class_list":["post-41532","post","type-post","status-publish","format-standard","has-post-thumbnail","hentry","category-uncategorized","tag-palavra-chaveargentina","tag-palavra-chavearte","tag-palavra-chaveartista","tag-palavra-chavecampus","tag-palavra-chavecomunidade","tag-palavra-chavecuba","tag-palavra-chavecultura","tag-palavra-chavediaspora","tag-palavra-chaveexibir","tag-palavra-chaveexposicao","tag-palavra-chaveidentidade","tag-palavra-chavelente","tag-palavra-chavemexico","tag-palavra-chavenjcu","tag-palavra-chavepanamacroacia","tag-palavra-chaveparte","tag-palavra-chaveperucolombia","tag-palavra-chaveporto-rico","tag-palavra-chaverico","tag-palavra-chavesemana","tag-palavra-chavetrabalho","tag-palavra-chavevisualizar","tag-22567","tag-22565","tag-22564","tag-22562","tag-22559","tag-22558","tag-22556","tag-22555","tag-22552","tag-22551","tag-22550","tag-22549","tag-22548","tag-22546","tag-etiquetasubstantivo","tag-frequencia2","tag-frequencia3","tag-frequencia4","tag-frequencia5","tag-frequencia6","tag-pontuacao0","tag-tagnome_proprio"],"_links":{"self":[{"href":"https:\/\/tvbrazilusa.com\/pt\/wp-json\/wp\/v2\/posts\/41532","targetHints":{"allow":["GET"]}}],"collection":[{"href":"https:\/\/tvbrazilusa.com\/pt\/wp-json\/wp\/v2\/posts"}],"about":[{"href":"https:\/\/tvbrazilusa.com\/pt\/wp-json\/wp\/v2\/types\/post"}],"author":[{"embeddable":true,"href":"https:\/\/tvbrazilusa.com\/pt\/wp-json\/wp\/v2\/users\/1"}],"replies":[{"embeddable":true,"href":"https:\/\/tvbrazilusa.com\/pt\/wp-json\/wp\/v2\/comments?post=41532"}],"version-history":[{"count":1,"href":"https:\/\/tvbrazilusa.com\/pt\/wp-json\/wp\/v2\/posts\/41532\/revisions"}],"predecessor-version":[{"id":41534,"href":"https:\/\/tvbrazilusa.com\/pt\/wp-json\/wp\/v2\/posts\/41532\/revisions\/41534"}],"wp:featuredmedia":[{"embeddable":true,"href":"https:\/\/tvbrazilusa.com\/pt\/wp-json\/wp\/v2\/media\/41533"}],"wp:attachment":[{"href":"https:\/\/tvbrazilusa.com\/pt\/wp-json\/wp\/v2\/media?parent=41532"}],"wp:term":[{"taxonomy":"category","embeddable":true,"href":"https:\/\/tvbrazilusa.com\/pt\/wp-json\/wp\/v2\/categories?post=41532"},{"taxonomy":"post_tag","embeddable":true,"href":"https:\/\/tvbrazilusa.com\/pt\/wp-json\/wp\/v2\/tags?post=41532"}],"curies":[{"name":"wp","href":"https:\/\/api.w.org\/{rel}","templated":true}]}}