{"id":41535,"date":"2024-09-25T12:04:19","date_gmt":"2024-09-25T12:04:19","guid":{"rendered":"https:\/\/tvbrazilusa.com\/2024\/09\/25\/daniel-alves-retorna-aos-gramados-em-liga-amadora-de-barcelona\/"},"modified":"2024-09-25T12:04:21","modified_gmt":"2024-09-25T12:04:21","slug":"daniel-alves-retorna-aos-gramados-em-liga-amadora-de-barcelona","status":"publish","type":"post","link":"https:\/\/tvbrazilusa.com\/pt\/2024\/09\/25\/daniel-alves-retorna-aos-gramados-em-liga-amadora-de-barcelona\/","title":{"rendered":"Daniel Alves retorna aos gramados em liga amadora de Barcelona"},"content":{"rendered":"<p> <script async src=\"https:\/\/pagead2.googlesyndication.com\/pagead\/js\/adsbygoogle.js?client=ca-pub-8864793242727901\"\r\n     crossorigin=\"anonymous\"><\/script><br \/>\n<\/p>\n<div id=\"taboola-read-more\" style=\"display:block; width:100%\">\n<p>Daniel Alves, um dos jogadores mais vitoriosos da hist\u00f3ria do futebol, tomou uma decis\u00e3o surpreendente ao voltar aos campos em uma liga amadora em Barcelona. Ap\u00f3s um per\u00edodo turbulento marcado por quest\u00f5es judiciais e pris\u00e3o, o veterano lateral busca se reconectar com o esporte que o consagrou mundialmente. Sua escolha de atuar de forma discreta, longe dos holofotes, reflete um novo cap\u00edtulo em sua carreira, em meio aos desafios pessoais que enfrenta.\n<\/p>\n<h3>Primeiros passos na Europa e auge no Sevilla<\/h3>\n<p>Daniel Alves iniciou sua trajet\u00f3ria europeia em 2002, ao ser transferido para o Sevilla. Rapidamente, o lateral-direito destacou-se por seu estilo de jogo ofensivo e vibrante. No Sevilla, Alves se tornou pe\u00e7a fundamental em conquistas marcantes, como as duas Copas da UEFA, consolidando-se como um dos melhores laterais do futebol espanhol e chamando a aten\u00e7\u00e3o dos grandes clubes europeus.<\/p>\n<h3>A era de ouro no Barcelona<\/h3>\n<p>O grande salto na carreira de Daniel Alves aconteceu em 2008, quando foi contratado pelo Barcelona. No clube catal\u00e3o, ele foi pe\u00e7a-chave em um dos per\u00edodos mais gloriosos da hist\u00f3ria do futebol, ao lado de craques como Lionel Messi, Xavi e Iniesta. Entre as suas principais conquistas pelo Bar\u00e7a, destacam-se:\n<\/p>\n<ul>\n<li>Tr\u00eas Ligas dos Campe\u00f5es da UEFA, com atua\u00e7\u00f5es decisivas.<\/li>\n<li>Seis t\u00edtulos da La Liga, dominando o futebol espanhol.<\/li>\n<li>Diversos t\u00edtulos da Copa do Rei e Supercopas, refor\u00e7ando sua import\u00e2ncia no clube.<\/li>\n<\/ul>\n<p>A capacidade de Alves em ser tanto um defensor s\u00f3lido quanto um jogador de apoio ofensivo revolucionou a posi\u00e7\u00e3o de lateral-direito, fazendo dele uma refer\u00eancia mundial.\n<\/p>\n<h3>Carreira p\u00f3s-Barcelona: Juventus, PSG e retorno ao Brasil<\/h3>\n<p>Ap\u00f3s deixar o Barcelona em 2016, Daniel Alves continuou sua trajet\u00f3ria em clubes de elite na Europa. Na Juventus, foi fundamental para o time chegar \u00e0 final da Liga dos Campe\u00f5es e conquistar a Serie A. Mesmo em idade avan\u00e7ada, ele provou que sua qualidade em campo permanecia intacta.\n<\/p>\n<p>No PSG, Alves manteve sua fama de campe\u00e3o, levantando diversos trof\u00e9us no futebol franc\u00eas. Seu retorno ao Brasil, em 2019, pelo S\u00e3o Paulo, foi outro momento marcante. No clube paulista, ele liderou a equipe rumo \u00e0 conquista do Campeonato Paulista de 2021, mais uma prova de sua influ\u00eancia no futebol.\n<\/p>\n<h3>Desafios judiciais e interrup\u00e7\u00e3o da carreira<\/h3>\n<p>Em 2023, durante sua passagem pelo Pumas, do M\u00e9xico, a carreira de Daniel Alves foi interrompida por uma acusa\u00e7\u00e3o de viol\u00eancia sexual, que resultou em sua pris\u00e3o na Espanha e na rescis\u00e3o de seu contrato com o clube mexicano. Ap\u00f3s mais de um ano detido, Alves foi liberado sob fian\u00e7a e tenta, agora, reconstruir sua trajet\u00f3ria, ainda lidando com as consequ\u00eancias legais e pessoais desse per\u00edodo.\n<\/p>\n<h3>De volta ao futebol: participando de ligas amadoras<\/h3>\n<p>Apesar dos desafios, Daniel Alves manteve seu amor pelo futebol. Recentemente, foi visto participando de jogos amadores em Barcelona, onde tem morado desde sua libera\u00e7\u00e3o. Ele tentou manter um perfil discreto, utilizando um nome falso em aplicativos de futebol amador. No entanto, sua identidade foi revelada ap\u00f3s uma foto ser divulgada nas redes sociais, reacendendo o interesse do p\u00fablico e da m\u00eddia.\n<\/p>\n<p>Esse retorno ao futebol, mesmo em uma liga amadora, mostra que Alves ainda tem uma forte liga\u00e7\u00e3o com o esporte. Aos 41 anos, ele continua demonstrando paix\u00e3o pelo jogo, embora em um contexto muito diferente do estrelato global que o acompanhou durante grande parte de sua carreira.\n<\/p>\n<h3>Um novo come\u00e7o, longe dos grandes est\u00e1dios<\/h3>\n<p>O envolvimento de Daniel Alves com o futebol amador reflete uma fase de busca por reconex\u00e3o com o esporte, em um cen\u00e1rio distante dos est\u00e1dios lotados e das grandes competi\u00e7\u00f5es. Apesar das limita\u00e7\u00f5es f\u00edsicas e emocionais impostas pelos desafios recentes, Alves mant\u00e9m o futebol como uma parte essencial de sua vida, ainda que agora em um ambiente mais modesto.\n<\/p>\n<p>Sua presen\u00e7a em ligas amadoras serve como um lembrete de que, para ele, o futebol sempre foi mais do que contratos milion\u00e1rios e conquistas internacionais. Mesmo sem a grandiosidade das competi\u00e7\u00f5es que o consagraram, Daniel Alves mostra que sua ess\u00eancia como jogador permanece intacta.\n<\/p>\n<h3>O legado de conquistas de Daniel Alves<\/h3>\n<p>Ao longo de sua carreira, Daniel Alves acumulou um n\u00famero impressionante de t\u00edtulos e feitos, que o colocam entre os jogadores mais vencedores da hist\u00f3ria do futebol. Entre suas principais conquistas, est\u00e3o:\n<\/p>\n<ul>\n<li><strong>Sevilla:<\/strong>\u00a0duas Copas da UEFA.<\/li>\n<li><strong>Barcelona:<\/strong>\u00a0tr\u00eas Ligas dos Campe\u00f5es da UEFA, seis t\u00edtulos da La Liga, al\u00e9m de v\u00e1rios outros trof\u00e9us nacionais e internacionais.<\/li>\n<li><strong>Juventus:<\/strong>\u00a0uma Serie A italiana e uma final de Liga dos Campe\u00f5es.<\/li>\n<li><strong>PSG:<\/strong>\u00a0v\u00e1rios t\u00edtulos no futebol franc\u00eas.<\/li>\n<li><strong>S\u00e3o Paulo:<\/strong>\u00a0Campeonato Paulista de 2021.<\/li>\n<\/ul>\n<p>Al\u00e9m do sucesso nos clubes, Daniel Alves tamb\u00e9m brilhou com a camisa da Sele\u00e7\u00e3o Brasileira, conquistando as Copas Am\u00e9rica de 2007 e 2019, al\u00e9m de representar o Brasil em diversas edi\u00e7\u00f5es da Copa do Mundo.\n<\/p>\n<h3>Um retorno \u00e0s origens<\/h3>\n<p>Mesmo fora dos grandes palcos do futebol mundial, Daniel Alves continua a demonstrar que o futebol \u00e9 mais do que uma carreira para ele: \u00e9 uma paix\u00e3o de vida. Sua decis\u00e3o de continuar jogando em ligas amadoras, mesmo ap\u00f3s enfrentar grandes adversidades, \u00e9 uma prova de sua resili\u00eancia e amor pelo esporte.\n<\/p>\n<p>Seus anos de gl\u00f3ria no futebol profissional podem estar no passado, mas Daniel Alves segue encontrando no futebol uma forma de supera\u00e7\u00e3o pessoal, buscando uma nova fase em sua trajet\u00f3ria, com humildade e dedica\u00e7\u00e3o.\n<\/p>\n<p>Fonte: Mix Vale <\/p>\n<\/div>\n<p><br \/>\n<br \/><a href=\"https:\/\/diariodobrasilnoticias.com.br\/noticia\/daniel-alves-retorna-aos-gramados-em-liga-amadora-de-barcelona-66f3e3afc87e7\">Source link <\/a><\/p>","protected":false},"excerpt":{"rendered":"<p>Daniel Alves, um dos jogadores mais vitoriosos da hist\u00f3ria do futebol, tomou uma decis\u00e3o surpreendente ao voltar aos campos em uma liga amadora em Barcelona. Ap\u00f3s um per\u00edodo turbulento marcado&hellip;<\/p>","protected":false},"author":1,"featured_media":41536,"comment_status":"closed","ping_status":"open","sticky":false,"template":"","format":"standard","meta":{"content-type":"","footnotes":""},"categories":[16],"tags":[123,2448,5313,1267],"class_list":["post-41535","post","type-post","status-publish","format-standard","has-post-thumbnail","hentry","category-noticias","tag-brasil","tag-diario","tag-noticia","tag-noticias"],"_links":{"self":[{"href":"https:\/\/tvbrazilusa.com\/pt\/wp-json\/wp\/v2\/posts\/41535","targetHints":{"allow":["GET"]}}],"collection":[{"href":"https:\/\/tvbrazilusa.com\/pt\/wp-json\/wp\/v2\/posts"}],"about":[{"href":"https:\/\/tvbrazilusa.com\/pt\/wp-json\/wp\/v2\/types\/post"}],"author":[{"embeddable":true,"href":"https:\/\/tvbrazilusa.com\/pt\/wp-json\/wp\/v2\/users\/1"}],"replies":[{"embeddable":true,"href":"https:\/\/tvbrazilusa.com\/pt\/wp-json\/wp\/v2\/comments?post=41535"}],"version-history":[{"count":1,"href":"https:\/\/tvbrazilusa.com\/pt\/wp-json\/wp\/v2\/posts\/41535\/revisions"}],"predecessor-version":[{"id":41537,"href":"https:\/\/tvbrazilusa.com\/pt\/wp-json\/wp\/v2\/posts\/41535\/revisions\/41537"}],"wp:featuredmedia":[{"embeddable":true,"href":"https:\/\/tvbrazilusa.com\/pt\/wp-json\/wp\/v2\/media\/41536"}],"wp:attachment":[{"href":"https:\/\/tvbrazilusa.com\/pt\/wp-json\/wp\/v2\/media?parent=41535"}],"wp:term":[{"taxonomy":"category","embeddable":true,"href":"https:\/\/tvbrazilusa.com\/pt\/wp-json\/wp\/v2\/categories?post=41535"},{"taxonomy":"post_tag","embeddable":true,"href":"https:\/\/tvbrazilusa.com\/pt\/wp-json\/wp\/v2\/tags?post=41535"}],"curies":[{"name":"wp","href":"https:\/\/api.w.org\/{rel}","templated":true}]}}