{"id":41544,"date":"2024-09-25T12:46:32","date_gmt":"2024-09-25T12:46:32","guid":{"rendered":"https:\/\/tvbrazilusa.com\/2024\/09\/25\/carmen-lucia-condena-as-cenas-criminosas-na-campanha-eleitoral-e-aciona-a-pf\/"},"modified":"2024-09-25T12:46:33","modified_gmt":"2024-09-25T12:46:33","slug":"carmen-lucia-condena-as-cenas-criminosas-na-campanha-eleitoral-e-aciona-a-pf","status":"publish","type":"post","link":"https:\/\/tvbrazilusa.com\/pt\/2024\/09\/25\/carmen-lucia-condena-as-cenas-criminosas-na-campanha-eleitoral-e-aciona-a-pf\/","title":{"rendered":"C\u00e1rmen L\u00facia condena as &#8216;cenas criminosas&#8217; na campanha eleitoral e aciona a PF"},"content":{"rendered":"<p> <script async src=\"https:\/\/pagead2.googlesyndication.com\/pagead\/js\/adsbygoogle.js?client=ca-pub-8864793242727901\"\r\n     crossorigin=\"anonymous\"><\/script><br \/>\n<\/p>\n<div id=\"taboola-read-more\" style=\"display:block; width:100%\">\n<p>A presidente do Tribunal Superior Eleitoral (TSE), C\u00e1rmen L\u00facia, criticou nesta ter\u00e7a-feira (24) a escalada de atos e viol\u00eancia durante a campanha eleitoral deste ano. Ela criticou \u201ccenas abjetas e criminosas, que rebaixam a pol\u00edtica a cenas de pugilato\u201d. A ministra pediu a candidatos e partidos que \u201ctomem ten\u00eancia\u201d e \u201crespeitem a cidadania brasileira\u201d.\n<\/p>\n<p>Apesar de n\u00e3o citar casos espec\u00edficos, a manifesta\u00e7\u00e3o de C\u00e1rmen L\u00facia ocorre ap\u00f3s um assessor de Pablo Mar\u00e7al (PRTB), candidato \u00e0 prefeitura de S\u00e3o Paulo, dar um soco em Duda Lima, marqueteiro do prefeito Ricardo Nunes (MDB), durante uma debate.<\/p>\n<p>No \u00faltimo dia 15, outro epis\u00f3dio de viol\u00eancia marcou a elei\u00e7\u00e3o da capital paulista, quando o candidato Jos\u00e9 Luiz Datena (PSDB) jogou uma cadeira em Mar\u00e7al tamb\u00e9m durante um debate.\n<\/p>\n<p>\u201cPol\u00edtica n\u00e3o \u00e9 viol\u00eancia, \u00e9 a supera\u00e7\u00e3o da viol\u00eancia. Viol\u00eancia praticada no ambiente da pol\u00edtica desrespeita n\u00e3o apenas o agredido, mas ofende toda a sociedade e a democracia\u201d, disse C\u00e1rmen L\u00facia. A presidente do TSE citou que campanhas usam \u201ct\u00e1tica ileg\u00edtima e desqualificada\u201d para atacar a sociedade e as institui\u00e7\u00f5es.\n<\/p>\n<p>\u201cPor despreparo, descaso, ou t\u00e1tica ileg\u00edtima e desqualificada de campanhas, atenta-se contra cidad\u00e3s e cidad\u00e3os, atacam-se pessoas e institui\u00e7\u00f5es, e na mais subalterna e incivil descompostura, imp\u00f5e-se \u00e0s pessoas honradas do pa\u00eds, que querem apenas entender as propostas que os candidatos oferecem para a sua cidade, sejam elas obrigadas a assistir cenas abjetas e criminosas, que rebaixam a pol\u00edtica a cenas de pugilato, desraz\u00e3o e not\u00edcias de crimes\u201d, enfatizou.\n<\/p>\n<p>A ministra informou ainda que notificou a Pol\u00edcia Federal, o Minist\u00e9rio P\u00fablico Federal (MPF) e os presidentes dos Tribunais Regionais Eleitorais para que investiguem crimes eleitorais com celeridade e rigor. &#8220;Todas as agress\u00f5es praticadas no processo eleitoral, que vem aumentando em demonstra\u00e7\u00e3o de ensurdecedor retrocesso civilizat\u00f3rio, n\u00e3o ser\u00e3o aceitos pela Justi\u00e7a Eleitoral&#8221;, enfatizou.\n<\/p>\n<p><strong>Presidente do TSE ressaltou que campanhas s\u00e3o custeadas com dinheiro p\u00fablico<\/strong><br \/>Durante o discurso, C\u00e1rmen L\u00facia afirmou que os candidatos e seus auxiliares devem dar-se ao respeito e pediu aos partidos pol\u00edticos que \u201ctomem ten\u00eancia\u201d. A ministra destacou que, por serem financiadas com dinheiro p\u00fablico, as siglas n\u00e3o podem pactuar com \u201cdesatinos e c\u00f3leras expostas em cenas de vilania\u201d.\n<\/p>\n<p>\u201cH\u00e1 que se exigir, em nome do eleitorado brasileiro, que candidatos e seus auxiliares de campanha deem-se ao respeito. E, se n\u00e3o se respeitam, respeitem a cidadania brasileira, que ela n\u00e3o est\u00e1 \u00e0 merc\u00ea de cenas e pr\u00e1ticas que envergonham e ofendem a civilidade democr\u00e1tica. H\u00e1 que conclamar tamb\u00e9m os partidos pol\u00edticos a que tomem ten\u00eancia\u201d, disse a ministra.\n<\/p>\n<p>Ela refor\u00e7ou que a \u201cdemocracia exige respeito e humanidade imp\u00f5e confian\u00e7a, n\u00e3o se confia em quem n\u00e3o tem compostura e modos para conviver\u201d. A ministra disse ainda que a elei\u00e7\u00e3o \u00e9 um processo de multiplica\u00e7\u00e3o de propostas, n\u00e3o de \u201cdivis\u00e3o e de raivas mal resolvidas\u201d.\n<\/p>\n<p>C\u00e1rmen L\u00facia concluiu o discurso alertando que a Justi\u00e7a Eleitoral \u201cespera que os pr\u00f3ximos sejam dias de revis\u00e3o de condutas dos que agridem a democracia brasileira e arranham a face c\u00edvica das pessoas de bem do pa\u00eds\u201d.\n<\/p>\n<p>Fonte: Gazeta do Povo <\/p>\n<\/div>\n<p><br \/>\n<br \/><a href=\"https:\/\/diariodobrasilnoticias.com.br\/noticia\/carmen-lucia-condena-as-cenas-criminosas-na-campanha-eleitoral-e-aciona-a-pf-66f3ee362e21c\">Source link <\/a><\/p>","protected":false},"excerpt":{"rendered":"<p>A presidente do Tribunal Superior Eleitoral (TSE), C\u00e1rmen L\u00facia, criticou nesta ter\u00e7a-feira (24) a escalada de atos e viol\u00eancia durante a campanha eleitoral deste ano. Ela criticou \u201ccenas abjetas e&hellip;<\/p>","protected":false},"author":1,"featured_media":41545,"comment_status":"closed","ping_status":"open","sticky":false,"template":"","format":"standard","meta":{"content-type":"","footnotes":""},"categories":[16],"tags":[123,2448,5313,1267],"class_list":["post-41544","post","type-post","status-publish","format-standard","has-post-thumbnail","hentry","category-noticias","tag-brasil","tag-diario","tag-noticia","tag-noticias"],"_links":{"self":[{"href":"https:\/\/tvbrazilusa.com\/pt\/wp-json\/wp\/v2\/posts\/41544","targetHints":{"allow":["GET"]}}],"collection":[{"href":"https:\/\/tvbrazilusa.com\/pt\/wp-json\/wp\/v2\/posts"}],"about":[{"href":"https:\/\/tvbrazilusa.com\/pt\/wp-json\/wp\/v2\/types\/post"}],"author":[{"embeddable":true,"href":"https:\/\/tvbrazilusa.com\/pt\/wp-json\/wp\/v2\/users\/1"}],"replies":[{"embeddable":true,"href":"https:\/\/tvbrazilusa.com\/pt\/wp-json\/wp\/v2\/comments?post=41544"}],"version-history":[{"count":1,"href":"https:\/\/tvbrazilusa.com\/pt\/wp-json\/wp\/v2\/posts\/41544\/revisions"}],"predecessor-version":[{"id":41546,"href":"https:\/\/tvbrazilusa.com\/pt\/wp-json\/wp\/v2\/posts\/41544\/revisions\/41546"}],"wp:featuredmedia":[{"embeddable":true,"href":"https:\/\/tvbrazilusa.com\/pt\/wp-json\/wp\/v2\/media\/41545"}],"wp:attachment":[{"href":"https:\/\/tvbrazilusa.com\/pt\/wp-json\/wp\/v2\/media?parent=41544"}],"wp:term":[{"taxonomy":"category","embeddable":true,"href":"https:\/\/tvbrazilusa.com\/pt\/wp-json\/wp\/v2\/categories?post=41544"},{"taxonomy":"post_tag","embeddable":true,"href":"https:\/\/tvbrazilusa.com\/pt\/wp-json\/wp\/v2\/tags?post=41544"}],"curies":[{"name":"wp","href":"https:\/\/api.w.org\/{rel}","templated":true}]}}