{"id":41562,"date":"2024-09-25T13:48:04","date_gmt":"2024-09-25T13:48:04","guid":{"rendered":"https:\/\/tvbrazilusa.com\/2024\/09\/25\/cafe-atinge-o-maior-valor-em-13-anos-e-safra-brasileira-e-preocupante\/"},"modified":"2024-09-25T13:48:05","modified_gmt":"2024-09-25T13:48:05","slug":"cafe-atinge-o-maior-valor-em-13-anos-e-safra-brasileira-e-preocupante","status":"publish","type":"post","link":"https:\/\/tvbrazilusa.com\/pt\/2024\/09\/25\/cafe-atinge-o-maior-valor-em-13-anos-e-safra-brasileira-e-preocupante\/","title":{"rendered":"Caf\u00e9 atinge o maior valor em 13 anos e safra brasileira \u00e9 preocupante"},"content":{"rendered":"<p> <script async src=\"https:\/\/pagead2.googlesyndication.com\/pagead\/js\/adsbygoogle.js?client=ca-pub-8864793242727901\"\r\n     crossorigin=\"anonymous\"><\/script><br \/>\n<\/p>\n<div id=\"taboola-read-more\" style=\"display:block; width:100%\">\n<p>Os contratos futuros do caf\u00e9 ar\u00e1bica subiram para o maior valor em 13 anos nesta ter\u00e7a-feira, 24, com a persist\u00eancia das preocupa\u00e7\u00f5es com a safra do Brasil, principal produtor mundial, agravadas pelos temores de que as chuvas no pa\u00eds n\u00e3o sejam suficientes nas pr\u00f3ximas semanas.\n<\/p>\n<p>De acordo com a Reuters, o contrato para dezembro do caf\u00e9 ar\u00e1bica fechou em alta de 4,15 centavos de d\u00f3lar, ou 1,6%, a US$ 2,678 por libra-peso, tendo atingido o valor mais alto desde setembro de 2011, a US$ 2,704.<\/p>\n<p>Os negociantes disseram que as chuvas do \u00faltimo fim de semana em algumas regi\u00f5es de cultivo no Brasil podem ser suficientes para estimular a primeira parte da safra, mas ser\u00e1 preciso mais para a ajudar a fixar as flores do caf\u00e9.\n<\/p>\n<p>Esses ganhos na cota\u00e7\u00e3o, por\u00e9m, foram limitados por informa\u00e7\u00f5es de que o Regulamento de Desmatamento da UE, que pro\u00edbe a importa\u00e7\u00e3o de commodities ligadas ao desmatamento, poderia ser adiado.\n<\/p>\n<p>Essa norma da Uni\u00e3o Europeia deveria entrar em vigor no final de dezembro e tem impulsionado as importa\u00e7\u00f5es do caf\u00e9 para o bloco.\n<\/p>\n<p><strong>A\u00e7\u00facar<\/strong><br \/>N\u00e3o foi s\u00f3 o caf\u00e9 que tem se valorizado. O a\u00e7\u00facar bruto fechou em alta de 0,57 centavo, ou 2,5%, a 23,12 centavos de d\u00f3lar por libra-peso, tendo atingido uma m\u00e1xima de sete meses de 23,30 centavos.\n<\/p>\n<p>Os negociadores disseram \u00e0 Reuters que o mercado continua a ser apoiado pelo rebaixamentos nas proje\u00e7\u00f5es da produ\u00e7\u00e3o de a\u00e7\u00facar no Brasil, o maior produtor do mundo, tanto neste ano quanto no pr\u00f3ximo, devido \u00e0 seca e aos inc\u00eandios.\n<\/p>\n<p>Fonte: Exame <\/p>\n<\/div>\n<p><br \/>\n<br \/><a href=\"https:\/\/diariodobrasilnoticias.com.br\/noticia\/cafe-atinge-o-maior-valor-em-13-anos-e-safra-brasileira-e-preocupante-66f3f9408c628\">Source link <\/a><\/p>","protected":false},"excerpt":{"rendered":"<p>Os contratos futuros do caf\u00e9 ar\u00e1bica subiram para o maior valor em 13 anos nesta ter\u00e7a-feira, 24, com a persist\u00eancia das preocupa\u00e7\u00f5es com a safra do Brasil, principal produtor mundial,&hellip;<\/p>","protected":false},"author":1,"featured_media":41563,"comment_status":"closed","ping_status":"open","sticky":false,"template":"","format":"standard","meta":{"content-type":"","footnotes":""},"categories":[16],"tags":[123,2448,5313,1267],"class_list":["post-41562","post","type-post","status-publish","format-standard","has-post-thumbnail","hentry","category-noticias","tag-brasil","tag-diario","tag-noticia","tag-noticias"],"_links":{"self":[{"href":"https:\/\/tvbrazilusa.com\/pt\/wp-json\/wp\/v2\/posts\/41562","targetHints":{"allow":["GET"]}}],"collection":[{"href":"https:\/\/tvbrazilusa.com\/pt\/wp-json\/wp\/v2\/posts"}],"about":[{"href":"https:\/\/tvbrazilusa.com\/pt\/wp-json\/wp\/v2\/types\/post"}],"author":[{"embeddable":true,"href":"https:\/\/tvbrazilusa.com\/pt\/wp-json\/wp\/v2\/users\/1"}],"replies":[{"embeddable":true,"href":"https:\/\/tvbrazilusa.com\/pt\/wp-json\/wp\/v2\/comments?post=41562"}],"version-history":[{"count":1,"href":"https:\/\/tvbrazilusa.com\/pt\/wp-json\/wp\/v2\/posts\/41562\/revisions"}],"predecessor-version":[{"id":41564,"href":"https:\/\/tvbrazilusa.com\/pt\/wp-json\/wp\/v2\/posts\/41562\/revisions\/41564"}],"wp:featuredmedia":[{"embeddable":true,"href":"https:\/\/tvbrazilusa.com\/pt\/wp-json\/wp\/v2\/media\/41563"}],"wp:attachment":[{"href":"https:\/\/tvbrazilusa.com\/pt\/wp-json\/wp\/v2\/media?parent=41562"}],"wp:term":[{"taxonomy":"category","embeddable":true,"href":"https:\/\/tvbrazilusa.com\/pt\/wp-json\/wp\/v2\/categories?post=41562"},{"taxonomy":"post_tag","embeddable":true,"href":"https:\/\/tvbrazilusa.com\/pt\/wp-json\/wp\/v2\/tags?post=41562"}],"curies":[{"name":"wp","href":"https:\/\/api.w.org\/{rel}","templated":true}]}}