{"id":41574,"date":"2024-09-25T14:44:26","date_gmt":"2024-09-25T14:44:26","guid":{"rendered":"https:\/\/tvbrazilusa.com\/2024\/09\/25\/tcu-pode-iniciar-uma-investigacao-sobre-a-interferencia-do-governo-nas-nomeacoes-na-petrobras\/"},"modified":"2024-09-25T14:44:27","modified_gmt":"2024-09-25T14:44:27","slug":"tcu-pode-iniciar-uma-investigacao-sobre-a-interferencia-do-governo-nas-nomeacoes-na-petrobras","status":"publish","type":"post","link":"https:\/\/tvbrazilusa.com\/pt\/2024\/09\/25\/tcu-pode-iniciar-uma-investigacao-sobre-a-interferencia-do-governo-nas-nomeacoes-na-petrobras\/","title":{"rendered":"TCU pode iniciar uma investiga\u00e7\u00e3o sobre a interfer\u00eancia do governo nas nomea\u00e7\u00f5es na Petrobras"},"content":{"rendered":"<p> <script async src=\"https:\/\/pagead2.googlesyndication.com\/pagead\/js\/adsbygoogle.js?client=ca-pub-8864793242727901\"\r\n     crossorigin=\"anonymous\"><\/script><br \/>\n<\/p>\n<p tabindex=\"0\">Nesta quarta-feira (25), o Tribunal de Contas da Uni\u00e3o (TCU) analisa uma auditoria da \u00e1rea t\u00e9cnica da Petrobras que aponta interfer\u00eancia do governo Lula para nomear como conselheiros da estatal dois secret\u00e1rios do Minist\u00e9rio de Minas e Energia (MME).\n<\/p>\n<p tabindex=\"0\">A acusa\u00e7\u00e3o contra o governo consta em uma auditoria sigilosa da unidade especializada em petr\u00f3leo, g\u00e1s natural e minera\u00e7\u00e3o (AudPetr\u00f3leo).<\/p>\n<p tabindex=\"0\">De acordo com o jornal\u00a0<em>O Globo<\/em>, que teve acesso ao documento, os auditores passaram um pente fino nas nomea\u00e7\u00f5es para a alta c\u00fapula da Petrobras nos primeiros meses do governo Lula, quando a companhia estava sob o comando de Jean Paul Prates.\n<\/p>\n<div data-event-notes=\"veja-tambem\" data-tracker-view=\"true\" data-mrf-recirculation=\"Post - Veja tamb\u00e9m\">O governo teria atropelado as recomenda\u00e7\u00f5es dos comit\u00eas internos e do conselho administrativo para nomear o atual presidente do Conselho de Administra\u00e7\u00e3o, Pietro Adamo Mendes, que \u00e9 secret\u00e1rio de Petr\u00f3leo, G\u00e1s e Biocombust\u00edveis do MME; e o ex-secret\u00e1rio executivo do MME, Efrain Cruz.<\/p>\n<p>Pietro Adamo Mendes voltou \u00e0 Presid\u00eancia do colegiado em abril deste ano ap\u00f3s um breve afastamento por decis\u00e3o judicial motivada por uma a\u00e7\u00e3o popular, que questionava o conflito de interesse indicado pelo TCU.<\/p>\n<p>J\u00e1 Efrain Cruz renunciou ao conselho da Petrobras em janeiro deste ano, dias ap\u00f3s ser exonerado do MME.<\/p>\n<p>Segundo apurou O Globo, a auditoria foi conclu\u00edda em maio de 2024 e j\u00e1 foi apresentada \u00e0 Petrobras.<\/p>\n<p><strong>Conflito de interesses<\/strong><br \/>Na avalia\u00e7\u00e3o dos t\u00e9cnicos, a nomea\u00e7\u00e3o de Mendes e Cruz desconsiderou um parecer do Comit\u00ea de Pessoas da Petrobras que apontou impedimento nas nomea\u00e7\u00f5es pelo fato de os dois indicados integrarem o MME.<\/p>\n<p>Os auditores destacam que o conflito de interesses nas nomea\u00e7\u00f5es est\u00e1 no fato de que enquanto integrantes do MME, Mendes e Cruz atuam na elabora\u00e7\u00e3o de pol\u00edticas p\u00fablicas que interferem diretamente nos neg\u00f3cios da Petrobras.<\/p>\n<p>O parecer t\u00e9cnico contra a nomea\u00e7\u00e3o dos dois nomes foi endossado pela maioria dos conselheiros em duas reuni\u00f5es, em mar\u00e7o de 2023, dias antes da assembleia-geral que elegeu a primeira forma\u00e7\u00e3o do colegiado sob o governo Lula.<\/p>\n<p>Apesar do impedimento, Mendes e Cruz foram eleitos, segundo os auditores da Petrobras, por a\u00e7\u00e3o \u201cdecisiva\u201d do representante da Uni\u00e3o no conselho, Ivo Cordeiro Timb\u00f3, que \u00e9 procurador da Fazenda Nacional.<\/p>\n<p>Mendes e Cruz foram nomeados em um contexto de disputa entre o ministro de Minas e Energia, Alexandre Silveira, e o ent\u00e3o presidente da Petrobras, Jean Paul Prates.<\/p>\n<p><strong>Governo usou decis\u00e3o do STF para defender nomea\u00e7\u00f5es<\/strong><br \/>Os dois funcion\u00e1rios do MME ingressaram na Petrobras em abril de 2023, um m\u00eas depois de o ent\u00e3o ministro do Supremo Tribunal Federal, Ricardo Lewandowski, suspender dispositivos da Lei das Estatais que impediam algumas nomea\u00e7\u00f5es do presidente Lula (PT).<\/p>\n<p>A decis\u00e3o de Lewandowski foi usada pela Uni\u00e3o como base para defender a nomea\u00e7\u00e3o de Mendes e Cruz.<\/p>\n<p>Na avalia\u00e7\u00e3o dos t\u00e9cnicos da Petrobras, a decis\u00e3o de Lewandowski n\u00e3o altera a situa\u00e7\u00e3o de conflito de interesses.<\/p>\n<p><strong>O que diz a Petrobras<\/strong><br \/>A Gazeta do Povo entrou em contato com a Petrobras para comentar o caso e aguarda retorno.<\/p>\n<\/div>\n<p><br \/>\n<br \/><a href=\"https:\/\/diariodobrasilnoticias.com.br\/noticia\/tcu-pode-iniciar-uma-investigacao-sobre-a-interferencia-do-governo-nas-nomeacoes-na-petrobras-66f406196450b\">Source link <\/a><\/p>","protected":false},"excerpt":{"rendered":"<p>Nesta quarta-feira (25), o Tribunal de Contas da Uni\u00e3o (TCU) analisa uma auditoria da \u00e1rea t\u00e9cnica da Petrobras que aponta interfer\u00eancia do governo Lula para nomear como conselheiros da estatal&hellip;<\/p>","protected":false},"author":1,"featured_media":41575,"comment_status":"closed","ping_status":"open","sticky":false,"template":"","format":"standard","meta":{"content-type":"","footnotes":""},"categories":[16],"tags":[123,2448,5313,1267],"class_list":["post-41574","post","type-post","status-publish","format-standard","has-post-thumbnail","hentry","category-noticias","tag-brasil","tag-diario","tag-noticia","tag-noticias"],"_links":{"self":[{"href":"https:\/\/tvbrazilusa.com\/pt\/wp-json\/wp\/v2\/posts\/41574","targetHints":{"allow":["GET"]}}],"collection":[{"href":"https:\/\/tvbrazilusa.com\/pt\/wp-json\/wp\/v2\/posts"}],"about":[{"href":"https:\/\/tvbrazilusa.com\/pt\/wp-json\/wp\/v2\/types\/post"}],"author":[{"embeddable":true,"href":"https:\/\/tvbrazilusa.com\/pt\/wp-json\/wp\/v2\/users\/1"}],"replies":[{"embeddable":true,"href":"https:\/\/tvbrazilusa.com\/pt\/wp-json\/wp\/v2\/comments?post=41574"}],"version-history":[{"count":1,"href":"https:\/\/tvbrazilusa.com\/pt\/wp-json\/wp\/v2\/posts\/41574\/revisions"}],"predecessor-version":[{"id":41576,"href":"https:\/\/tvbrazilusa.com\/pt\/wp-json\/wp\/v2\/posts\/41574\/revisions\/41576"}],"wp:featuredmedia":[{"embeddable":true,"href":"https:\/\/tvbrazilusa.com\/pt\/wp-json\/wp\/v2\/media\/41575"}],"wp:attachment":[{"href":"https:\/\/tvbrazilusa.com\/pt\/wp-json\/wp\/v2\/media?parent=41574"}],"wp:term":[{"taxonomy":"category","embeddable":true,"href":"https:\/\/tvbrazilusa.com\/pt\/wp-json\/wp\/v2\/categories?post=41574"},{"taxonomy":"post_tag","embeddable":true,"href":"https:\/\/tvbrazilusa.com\/pt\/wp-json\/wp\/v2\/tags?post=41574"}],"curies":[{"name":"wp","href":"https:\/\/api.w.org\/{rel}","templated":true}]}}