{"id":41592,"date":"2024-09-25T15:40:37","date_gmt":"2024-09-25T15:40:37","guid":{"rendered":"https:\/\/tvbrazilusa.com\/2024\/09\/25\/milei-afirma-que-a-onu-e-incapaz-de-enfrentar-o-terrorismo-no-oriente-medio\/"},"modified":"2024-09-25T15:40:38","modified_gmt":"2024-09-25T15:40:38","slug":"milei-afirma-que-a-onu-e-incapaz-de-enfrentar-o-terrorismo-no-oriente-medio","status":"publish","type":"post","link":"https:\/\/tvbrazilusa.com\/pt\/2024\/09\/25\/milei-afirma-que-a-onu-e-incapaz-de-enfrentar-o-terrorismo-no-oriente-medio\/","title":{"rendered":"Milei afirma que a ONU \u00e9 incapaz de enfrentar o terrorismo no Oriente M\u00e9dio"},"content":{"rendered":"<p> <script async src=\"https:\/\/pagead2.googlesyndication.com\/pagead\/js\/adsbygoogle.js?client=ca-pub-8864793242727901\"\r\n     crossorigin=\"anonymous\"><\/script><br \/>\n<\/p>\n<div id=\"taboola-read-more\" style=\"display:block; width:100%\">\n<p>O presidente da Argentina, Javier Milei, criticou a Organiza\u00e7\u00e3o das Na\u00e7\u00f5es Unidas (ONU) em discurso na 79\u00aa Assembleia Geral da institui\u00e7\u00e3o, em Nova York. Ele acusou a ONU de ser incapaz de lidar com o terrorismo no Oriente M\u00e9dio. Tamb\u00e9m afirmou que o \u00f3rg\u00e3o deixou de promover a paz e passou a \u201cimpor ideologias aos seus integrantes\u201d.\n<\/p>\n<p>\u201cN\u00f3s vimos como uma organiza\u00e7\u00e3o que nasceu para defender os direitos das pessoas se tornou a maior proponente de viola\u00e7\u00f5es sistem\u00e1ticas de liberdade\u201d, declarou o presidente argentino, em sua primeira participa na reuni\u00e3o.<\/p>\n<p>Ele disse que o lockdown durante a pandemia de covid-19 deveria ser considerado crime contra a humanidade. Ele argumentou que a medida restringiu a liberdade dos cidad\u00e3os.\n<\/p>\n<p><strong>Cr\u00edticas de Milei \u00e0 Agenda 2030 da ONU<\/strong><br \/>Al\u00e9m disso, Milei criticou a Agenda 2030, estabelecida pela ONU em 2015, chamando-a de \u201cmodelo socialista\u201d. Segundo ele, os objetivos do programa conflitam com a soberania dos pa\u00edses e violam o direito \u00e0 vida, \u00e0 liberdade e \u00e0 propriedade.\n<\/p>\n<p>\u201cA ado\u00e7\u00e3o desta agenda est\u00e1 totalmente alinhada com os interesses de privilegiados e ultrapassa os princ\u00edpios estabelecidos na Declara\u00e7\u00e3o dos Direitos Humanos, distorcendo o papel desta organiza\u00e7\u00e3o e colocando-a no caminho errado\u201d, afirmou Milei.\n<\/p>\n<p><strong>Milei diz que governo n\u00e3o vai apoiar pol\u00edticas da ONU<\/strong><br \/>O presidente argentino acrescentou que seu governo n\u00e3o vai apoiar pol\u00edticas da ONU que, segundo ele, restrinjam a liberdade individual ou comercial, independentemente de quem as promova.\n<\/p>\n<p>\u201cGostaria de expressar publicamente nosso descontentamento com o Pacto do Futuro que foi assinado no domingo 22, e convido todas as na\u00e7\u00f5es do mundo livre a nos apoiar\u201d, declarou.\n<\/p>\n<p><strong>O Pacto do Futuro e seu impacto<\/strong><br \/>O Pacto do Futuro, assinado por 187 pa\u00edses da ONU, incluindo o Brasil, aborda compromissos em temas como desenvolvimento sustent\u00e1vel, paz e seguran\u00e7a internacional. Ademais, discute reformas em \u00f3rg\u00e3os multilaterais, incluindo o Conselho de Seguran\u00e7a da ONU.\n<\/p>\n<p>Milei concluiu seu discurso afirmando que a Argentina vai abandonar sua pol\u00edtica de neutralidade hist\u00f3rica para liderar a defesa da liberdade.\n<\/p>\n<p>Assista na \u00edntegra ao discurso do presidente argentino Javier Milei na assembleia da ONU:\n<\/p>\n<p><strong>Not\u00edcias recentes sobre o assunto<\/strong><br \/>L\u00edderes mundiais iniciaram na ter\u00e7a-feira 24, suas participa\u00e7\u00f5es na 79\u00aa Assembleia Geral da ONU. O evento re\u00fane representantes dos 193 Estados-membros, incluindo chefes de Estado e governo, al\u00e9m de representantes da Autoridade Palestina e da Santa S\u00e9, Estados observadores n\u00e3o-membros. A Uni\u00e3o Europeia, organiza\u00e7\u00e3o observadora da ONU, tamb\u00e9m estar\u00e1 presente.\n<\/p>\n<p>Fonte: Revista Oeste <\/p>\n<\/div>\n<p><br \/>\n<br \/><a href=\"https:\/\/diariodobrasilnoticias.com.br\/noticia\/milei-afirma-que-a-onu-e-incapaz-de-enfrentar-o-terrorismo-no-oriente-medio-66f40b51ce430\">Source link <\/a><\/p>","protected":false},"excerpt":{"rendered":"<p>O presidente da Argentina, Javier Milei, criticou a Organiza\u00e7\u00e3o das Na\u00e7\u00f5es Unidas (ONU) em discurso na 79\u00aa Assembleia Geral da institui\u00e7\u00e3o, em Nova York. Ele acusou a ONU de ser&hellip;<\/p>","protected":false},"author":1,"featured_media":41593,"comment_status":"closed","ping_status":"open","sticky":false,"template":"","format":"standard","meta":{"content-type":"","footnotes":""},"categories":[16],"tags":[123,2448,5313,1267],"class_list":["post-41592","post","type-post","status-publish","format-standard","has-post-thumbnail","hentry","category-noticias","tag-brasil","tag-diario","tag-noticia","tag-noticias"],"_links":{"self":[{"href":"https:\/\/tvbrazilusa.com\/pt\/wp-json\/wp\/v2\/posts\/41592","targetHints":{"allow":["GET"]}}],"collection":[{"href":"https:\/\/tvbrazilusa.com\/pt\/wp-json\/wp\/v2\/posts"}],"about":[{"href":"https:\/\/tvbrazilusa.com\/pt\/wp-json\/wp\/v2\/types\/post"}],"author":[{"embeddable":true,"href":"https:\/\/tvbrazilusa.com\/pt\/wp-json\/wp\/v2\/users\/1"}],"replies":[{"embeddable":true,"href":"https:\/\/tvbrazilusa.com\/pt\/wp-json\/wp\/v2\/comments?post=41592"}],"version-history":[{"count":1,"href":"https:\/\/tvbrazilusa.com\/pt\/wp-json\/wp\/v2\/posts\/41592\/revisions"}],"predecessor-version":[{"id":41594,"href":"https:\/\/tvbrazilusa.com\/pt\/wp-json\/wp\/v2\/posts\/41592\/revisions\/41594"}],"wp:featuredmedia":[{"embeddable":true,"href":"https:\/\/tvbrazilusa.com\/pt\/wp-json\/wp\/v2\/media\/41593"}],"wp:attachment":[{"href":"https:\/\/tvbrazilusa.com\/pt\/wp-json\/wp\/v2\/media?parent=41592"}],"wp:term":[{"taxonomy":"category","embeddable":true,"href":"https:\/\/tvbrazilusa.com\/pt\/wp-json\/wp\/v2\/categories?post=41592"},{"taxonomy":"post_tag","embeddable":true,"href":"https:\/\/tvbrazilusa.com\/pt\/wp-json\/wp\/v2\/tags?post=41592"}],"curies":[{"name":"wp","href":"https:\/\/api.w.org\/{rel}","templated":true}]}}