{"id":41627,"date":"2024-09-25T17:03:14","date_gmt":"2024-09-25T17:03:14","guid":{"rendered":"https:\/\/tvbrazilusa.com\/2024\/09\/25\/apos-brigas-em-debates-carmen-lucia-diz-ter-acionado-pf-e-mpf-paulo-figueiredo\/"},"modified":"2024-09-25T17:20:52","modified_gmt":"2024-09-25T17:20:52","slug":"apos-brigas-em-debates-carmen-lucia-diz-ter-acionado-pf-e-mpf-paulo-figueiredo","status":"publish","type":"post","link":"https:\/\/tvbrazilusa.com\/pt\/2024\/09\/25\/apos-brigas-em-debates-carmen-lucia-diz-ter-acionado-pf-e-mpf-paulo-figueiredo\/","title":{"rendered":"Ap\u00f3s brigas em debates, C\u00e1rmen L\u00facia diz ter acionado PF e MPF &#8211; Paulo Figueiredo"},"content":{"rendered":"<p> <script async src=\"https:\/\/pagead2.googlesyndication.com\/pagead\/js\/adsbygoogle.js?client=ca-pub-8864793242727901\"\r\n     crossorigin=\"anonymous\"><\/script><br \/>\n<\/p>\n<div id=\"wtr-content\" data-bg=\"#FFFFFF\" data-fg=\"#006d91\" data-width=\"25\" data-mute=\"1\" data-fgopacity=\"1.00\" data-mutedopacity=\"0.5\" data-placement=\"bottom\" data-placement-offset=\"0\" data-content-offset=\"262\" data-placement-touch=\"bottom\" data-placement-offset-touch=\"0\" data-transparent=\"\" data-shadow=\"0\" data-touch=\"1\" data-non-touch=\"1\" data-comments=\"0\" data-commentsbg=\"transparent\" data-location=\"page\" data-mutedfg=\"#006d91\" data-endfg=\"#006d91\" data-rtl=\"\">\n<pre class=\"wp-block-preformatted has-small-font-size\">Foto - CRISTIANO MARIZ<\/pre>\n<h3 class=\"wp-block-heading\">Presidente do TSE se pronunciou em meio a epis\u00f3dios recentes de agress\u00f5es f\u00edsicas em debates em S\u00e3o Paulo<\/h3>\n<p>A presidente do Tribunal Superior Eleitoral (TSE), ministra\u00a0C\u00e1rmen L\u00facia, anunciou nesta ter\u00e7a-feira (24) que acionou a Pol\u00edcia Federal (PF), o Minist\u00e9rio P\u00fablico Federal (MPF) e os tribunais regionais eleitorais para que intensifiquem o combate aos casos de viol\u00eancia que ocorrem nas elei\u00e7\u00f5es deste ano.<\/p>\n<p>\u2013 Casos de viol\u00eancia da mais variada deforma\u00e7\u00e3o que se vem repetindo nesse processo eleitoral e que afrontam at\u00e9 mesmo a nobil\u00edssima atividade da pol\u00edtica, t\u00e3o necess\u00e1ria. Pol\u00edtica n\u00e3o \u00e9 viol\u00eancia, \u00e9 a supera\u00e7\u00e3o da viol\u00eancia. Viol\u00eancia praticada no ambiente da pol\u00edtica, n\u00e3o apenas o agredido, se n\u00e3o que ofende toda a sociedade e a pr\u00f3pria democracia \u2013 afirmou a presidente do TSE.<\/p>\n<p>Sem citar os casos de viol\u00eancia que tem marcado a campanha em S\u00e3o Paulo, a presidente do TSE afirmou que os eleitores se tornaram ref\u00e9ns de \u201ccenas de pugilato\u201d. C\u00e1rmen tamb\u00e9m declarou que a campanha deste ano possui \u201ccenas e pr\u00e1ticas que envergonham e ofendem a civilidade democr\u00e1tica\u201d.<\/p>\n<p>\u00a0Por despreparo, descaso ou t\u00e1tica ileg\u00edtima e desqualificada de campanha, atentam-se contra cidad\u00e3s e cidad\u00e3os, atacam-se pessoas e institui\u00e7\u00f5es e, na mais subalterna e incivil descompostura, imp\u00f5e-se \u00e0s pessoas honradas do pa\u00eds, que querem apenas entender as propostas que os candidatos oferecem para a sua cidade, sejam elas obrigadas a assistir cenas abjetas e criminosas \u2013 disse.<\/p>\n<p>C\u00e1rmen L\u00facia tamb\u00e9m cobrou um posicionamento incisivo dos partidos pol\u00edticos que, de acordo com ela, n\u00e3o podem compactuar com \u201ccenas de vilania\u201d.<\/p>\n<p>\u2013 Democracia exige respeito e humanidade imp\u00f5e confian\u00e7a, e n\u00e3o se confia em quem n\u00e3o possui compostura e modos para se viver \u2013 completou.<\/p>\n<p>No debate do Flow Podcast, ocorrido na \u00faltima segunda (23), o videomaker Nahuel Medina, integrante da campanha do empres\u00e1rio Pablo Mar\u00e7al (PRTB) \u00e0 Prefeitura de S\u00e3o Paulo, desferiu um soco no marqueteiro Duda Lima, assessor do prefeito Ricardo Nunes (MDB). A confus\u00e3o se deu ap\u00f3s Mar\u00e7al ser expulso do debate pelo mediador Carlos Tramontina. Medina disse ter agido em leg\u00edtima defesa.<\/p>\n<p>Pouco mais de uma semana antes, no \u00faltimo dia 15, no debate organizado pela TV Cultura, o candidato do PSDB \u00e0 Prefeitura, Jos\u00e9 Luiz Datena, deu uma cadeirada em Mar\u00e7al. A cena, transmitida para os eleitores ao vivo, levou \u00e0 expuls\u00e3o do tucano do encontro.<\/p>\n<p>Por causa da escalada de viol\u00eancia, os debates na campanha da capital paulista est\u00e3o tendo refor\u00e7os na seguran\u00e7a, o que acabou n\u00e3o tendo efeito para coibir as agress\u00f5es. No debate da RedeTV!, que ocorreu no \u00faltimo dia 17, as cadeiras ocupadas pelos candidatos foram parafusadas no ch\u00e3o. No encontro do Flow, n\u00e3o houve embates diretos entre os postulantes \u00e0 Prefeitura.<\/p>\n<p><strong><a href=\"https:\/\/www.aliadosbrasiloficial.com.br\/noticia\/apos-brigas-em-debates-carmen-lucia-diz-ter-acionado-pf-e-mpf\">Source link<\/a><\/strong><\/p>\n<\/div>\n<p><br \/>\n<br \/><a href=\"https:\/\/paulofigueiredoshow.com\/apos-brigas-em-debates-carmen-lucia-diz-ter-acionado-pf-e-mpf\/\">Source link <\/a><\/p>","protected":false},"excerpt":{"rendered":"<p>Foto &#8211; CRISTIANO MARIZ Presidente do TSE se pronunciou em meio a epis\u00f3dios recentes de agress\u00f5es f\u00edsicas em debates em S\u00e3o Paulo A presidente do Tribunal Superior Eleitoral (TSE), ministra\u00a0C\u00e1rmen&hellip;<\/p>","protected":false},"author":1,"featured_media":3309,"comment_status":"closed","ping_status":"open","sticky":false,"template":"","format":"standard","meta":{"content-type":"","footnotes":""},"categories":[16],"tags":[22594,7704,2015,1408,5367,1660,19171,2063,1593],"class_list":["post-41627","post","type-post","status-publish","format-standard","has-post-thumbnail","hentry","category-noticias","tag-brigas","tag-carmen-lucia","tag-debates","tag-eleicoes","tag-ministra","tag-mpf","tag-municipais","tag-pf","tag-tse"],"_links":{"self":[{"href":"https:\/\/tvbrazilusa.com\/pt\/wp-json\/wp\/v2\/posts\/41627","targetHints":{"allow":["GET"]}}],"collection":[{"href":"https:\/\/tvbrazilusa.com\/pt\/wp-json\/wp\/v2\/posts"}],"about":[{"href":"https:\/\/tvbrazilusa.com\/pt\/wp-json\/wp\/v2\/types\/post"}],"author":[{"embeddable":true,"href":"https:\/\/tvbrazilusa.com\/pt\/wp-json\/wp\/v2\/users\/1"}],"replies":[{"embeddable":true,"href":"https:\/\/tvbrazilusa.com\/pt\/wp-json\/wp\/v2\/comments?post=41627"}],"version-history":[{"count":1,"href":"https:\/\/tvbrazilusa.com\/pt\/wp-json\/wp\/v2\/posts\/41627\/revisions"}],"predecessor-version":[{"id":41628,"href":"https:\/\/tvbrazilusa.com\/pt\/wp-json\/wp\/v2\/posts\/41627\/revisions\/41628"}],"wp:featuredmedia":[{"embeddable":true,"href":"https:\/\/tvbrazilusa.com\/pt\/wp-json\/wp\/v2\/media\/3309"}],"wp:attachment":[{"href":"https:\/\/tvbrazilusa.com\/pt\/wp-json\/wp\/v2\/media?parent=41627"}],"wp:term":[{"taxonomy":"category","embeddable":true,"href":"https:\/\/tvbrazilusa.com\/pt\/wp-json\/wp\/v2\/categories?post=41627"},{"taxonomy":"post_tag","embeddable":true,"href":"https:\/\/tvbrazilusa.com\/pt\/wp-json\/wp\/v2\/tags?post=41627"}],"curies":[{"name":"wp","href":"https:\/\/api.w.org\/{rel}","templated":true}]}}