{"id":41632,"date":"2024-09-25T17:34:38","date_gmt":"2024-09-25T17:34:38","guid":{"rendered":"https:\/\/tvbrazilusa.com\/2024\/09\/25\/novo-feriado-aprovado-para-novembro-comeca-a-valer-em-2024-e-traz-festa-entre-os-brasileiros\/"},"modified":"2024-09-25T17:34:39","modified_gmt":"2024-09-25T17:34:39","slug":"novo-feriado-aprovado-para-novembro-comeca-a-valer-em-2024-e-traz-festa-entre-os-brasileiros","status":"publish","type":"post","link":"https:\/\/tvbrazilusa.com\/pt\/2024\/09\/25\/novo-feriado-aprovado-para-novembro-comeca-a-valer-em-2024-e-traz-festa-entre-os-brasileiros\/","title":{"rendered":"Novo feriado aprovado para novembro come\u00e7a a valer em  2024 e traz festa entre os brasileiros"},"content":{"rendered":"<p> <script async src=\"https:\/\/pagead2.googlesyndication.com\/pagead\/js\/adsbygoogle.js?client=ca-pub-8864793242727901\"\r\n     crossorigin=\"anonymous\"><\/script><br \/>\n<\/p>\n<div id=\"taboola-read-more\" style=\"display:block; width:100%\">\n<p>No dia 6 de maio de 2024, foi aprovada a Lei 8.314\/24, que estabelece feriados municipais nos dias 18 e 19 de novembro de 2024 na cidade do Rio de Janeiro. Esse ajuste visa facilitar a log\u00edstica durante a realiza\u00e7\u00e3o da C\u00fapula G20, que trar\u00e1 diversos l\u00edderes mundiais \u00e0 capital carioca.\n<\/p>\n<p>Essa nova legisla\u00e7\u00e3o vai impactar a rotina de muitos cidad\u00e3os do Rio de Janeiro, por\u00e9m, n\u00e3o abrange todas as categorias profissionais. Vamos explorar os detalhes sobre quem ser\u00e1 afetado por esses feriados.<\/p>\n<p><strong>Quem ser\u00e1 beneficiado pelo feriado da C\u00fapula G20?<\/strong><br \/>Segundo a Lei 8.314\/24, os feriados dos dias 18 e 19 de novembro de 2024 n\u00e3o se aplicam a todas as categorias profissionais. Trabalhadores de certos setores, especialmente aqueles atrelados \u00e0 alimenta\u00e7\u00e3o e turismo, como bares e restaurantes, continuar\u00e3o suas atividades normais.\n<\/p>\n<p><strong>Bares, Restaurantes e a Rotina dos Trabalhadores<\/strong><br \/>Para funcion\u00e1rios que atuam em bares e restaurantes, a rotina de trabalho n\u00e3o sofrer\u00e1 mudan\u00e7as significativas durante os dias 18 e 19 de novembro. N\u00e3o ser\u00e3o concedidas folgas adicionais nem pagamento de horas extras por conta desses dias. \u00c9 vital que empregadores desse setor comuniquem efetivamente a necessidade de trabalho nesses dias para evitar mal-entendidos.\n<\/p>\n<p><strong>O feriado do Dia da Consci\u00eancia Negra ser\u00e1 alterado?<\/strong><br \/>Uma quest\u00e3o frequente \u00e9 se o Dia da Consci\u00eancia Negra, celebrado em 20 de novembro, ser\u00e1 afetado pela nova lei. A resposta \u00e9 negativa. Esse feriado permanece inalterado e continua sendo uma data de grande import\u00e2ncia para reflex\u00e3o e celebra\u00e7\u00e3o das influ\u00eancias afro-brasileiras em nossa sociedade.\n<\/p>\n<p><strong>Onde obter mais informa\u00e7\u00f5es sobre a Lei 8.314\/24?<\/strong><br \/>Os associados ao SindRio, sindicato que representa hot\u00e9is, bares e restaurantes, podem buscar orienta\u00e7\u00e3o jur\u00eddica gratuita atrav\u00e9s da assessoria do sindicato. Basta contat\u00e1-los via e-mail, informando o CNPJ da empresa. Esse suporte \u00e9 crucial para assegurar que as obriga\u00e7\u00f5es legais sejam cumpridas corretamente.\n<\/p>\n<p><strong>Pontos cruciais da Lei 8.314\/24<\/strong>\n<\/p>\n<ul>\n<li>Estabelece feriados nos dias 18 e 19 de novembro de 2024 no Rio de Janeiro.<\/li>\n<li>Aplica-se exclusivamente ao munic\u00edpio do Rio de Janeiro.<\/li>\n<li>Setores como bares e restaurantes dever\u00e3o operar normalmente.<\/li>\n<li>O feriado do Dia da Consci\u00eancia Negra, em 20 de novembro, permanece inalterado.<\/li>\n<li>Assessoria jur\u00eddica gratuita dispon\u00edvel para associados do SindRio.<\/li>\n<\/ul>\n<p>Com a aproxima\u00e7\u00e3o da C\u00fapula G20, o Rio de Janeiro est\u00e1 se organizando para sediar esse evento de grande relev\u00e2ncia internacional. Esteja atento \u00e0s mudan\u00e7as e aproveite as folgas e celebra\u00e7\u00f5es previstas para esse per\u00edodo din\u00e2mico.\n<\/p>\n<p>Fonte: Terra Brasil Not\u00edcias <\/p>\n<\/div>\n<p><br \/>\n<br \/><a href=\"https:\/\/diariodobrasilnoticias.com.br\/noticia\/novo-feriado-aprovado-para-novembro-comeca-a-valer-em-2024-e-traz-festa-entre-os-brasileiros-66f41e0cbf2a6\">Source link <\/a><\/p>","protected":false},"excerpt":{"rendered":"<p>No dia 6 de maio de 2024, foi aprovada a Lei 8.314\/24, que estabelece feriados municipais nos dias 18 e 19 de novembro de 2024 na cidade do Rio de&hellip;<\/p>","protected":false},"author":1,"featured_media":41633,"comment_status":"closed","ping_status":"open","sticky":false,"template":"","format":"standard","meta":{"content-type":"","footnotes":""},"categories":[16],"tags":[123,2448,5313,1267],"class_list":["post-41632","post","type-post","status-publish","format-standard","has-post-thumbnail","hentry","category-noticias","tag-brasil","tag-diario","tag-noticia","tag-noticias"],"_links":{"self":[{"href":"https:\/\/tvbrazilusa.com\/pt\/wp-json\/wp\/v2\/posts\/41632","targetHints":{"allow":["GET"]}}],"collection":[{"href":"https:\/\/tvbrazilusa.com\/pt\/wp-json\/wp\/v2\/posts"}],"about":[{"href":"https:\/\/tvbrazilusa.com\/pt\/wp-json\/wp\/v2\/types\/post"}],"author":[{"embeddable":true,"href":"https:\/\/tvbrazilusa.com\/pt\/wp-json\/wp\/v2\/users\/1"}],"replies":[{"embeddable":true,"href":"https:\/\/tvbrazilusa.com\/pt\/wp-json\/wp\/v2\/comments?post=41632"}],"version-history":[{"count":1,"href":"https:\/\/tvbrazilusa.com\/pt\/wp-json\/wp\/v2\/posts\/41632\/revisions"}],"predecessor-version":[{"id":41634,"href":"https:\/\/tvbrazilusa.com\/pt\/wp-json\/wp\/v2\/posts\/41632\/revisions\/41634"}],"wp:featuredmedia":[{"embeddable":true,"href":"https:\/\/tvbrazilusa.com\/pt\/wp-json\/wp\/v2\/media\/41633"}],"wp:attachment":[{"href":"https:\/\/tvbrazilusa.com\/pt\/wp-json\/wp\/v2\/media?parent=41632"}],"wp:term":[{"taxonomy":"category","embeddable":true,"href":"https:\/\/tvbrazilusa.com\/pt\/wp-json\/wp\/v2\/categories?post=41632"},{"taxonomy":"post_tag","embeddable":true,"href":"https:\/\/tvbrazilusa.com\/pt\/wp-json\/wp\/v2\/tags?post=41632"}],"curies":[{"name":"wp","href":"https:\/\/api.w.org\/{rel}","templated":true}]}}