{"id":41675,"date":"2024-09-25T19:38:59","date_gmt":"2024-09-25T19:38:59","guid":{"rendered":"https:\/\/tvbrazilusa.com\/2024\/09\/25\/inspetor-de-escola-estadual-foi-preso-por-estupro-de-vulneravel-e-armazenamento-de-pornografia-infantil\/"},"modified":"2024-09-25T19:39:00","modified_gmt":"2024-09-25T19:39:00","slug":"inspetor-de-escola-estadual-foi-preso-por-estupro-de-vulneravel-e-armazenamento-de-pornografia-infantil","status":"publish","type":"post","link":"https:\/\/tvbrazilusa.com\/pt\/2024\/09\/25\/inspetor-de-escola-estadual-foi-preso-por-estupro-de-vulneravel-e-armazenamento-de-pornografia-infantil\/","title":{"rendered":"Inspetor de escola estadual foi preso por estupro de vulner\u00e1vel e armazenamento de pornografia infantil"},"content":{"rendered":"<p> <script async src=\"https:\/\/pagead2.googlesyndication.com\/pagead\/js\/adsbygoogle.js?client=ca-pub-8864793242727901\"\r\n     crossorigin=\"anonymous\"><\/script><br \/>\n<\/p>\n<div id=\"taboola-read-more\" style=\"display:block; width:100%\">\n<p>Um inspetor da Escola Estadual Professor Jo\u00e3o Boemer Jardim, no bairro Parque Tiet\u00ea, zona norte de S\u00e3o Paulo, foi preso por estupro de vulner\u00e1vel neste m\u00eas. A Pol\u00edcia Civil tamb\u00e9m o acusa de armazenar pornografia infantil e aliciar meninos de 8 e 11 anos.\n<\/p>\n<p>As investiga\u00e7\u00f5es revelaram troca de mensagens, fotos e v\u00eddeos de conte\u00fado sexual com uma das v\u00edtimas, que \u00e9 autista.<\/p>\n<p>Guilherme de Paula Petelincar, de 29 anos, foi detido em 17 de setembro. No dia seguinte, a Justi\u00e7a converteu sua pris\u00e3o em flagrante para preventiva, mantendo-o preso por tempo indeterminado. Ele estava na escola havia quatro meses, cuidando de alunos e alunas, mas foi demitido depois das den\u00fancias.\n<\/p>\n<p>Ao ser interpelado pela primeira vez, Guilherme negou a troca de v\u00eddeos e fotos com crian\u00e7as. Em seguida, admitiu que manteve \u201ccontato virtual\u201d com dois alunos da escola, de 10 e 11 anos.\n<\/p>\n<h2>A investiga\u00e7\u00e3o sobre o inspetor<\/h2>\n<p>De acordo com a Secretaria da Educa\u00e7\u00e3o do Estado de S\u00e3o Paulo (Seduc), a investiga\u00e7\u00e3o mirou a conduta do ex-funcion\u00e1rio durante os quatro meses em que atuou na unidade de ensino.\n<\/p>\n<p>\u201cA Seduc-SP \u00e9 contra qualquer forma de ass\u00e9dio dentro ou fora das escolas\u201d, afirmou a institui\u00e7\u00e3o \u00e0 TV Globo.\n<\/p>\n<p>O caso foi investigado pelo 72\u00ba Distrito Policial (DP), na Vila Penteado. A opera\u00e7\u00e3o come\u00e7ou depois de os pais de um dos alunos encontrarem no telefone do filho trocas de mensagens de texto, fotos e v\u00eddeos com conte\u00fado sexual entre ele e Guilherme.\n<\/p>\n<p>Os policiais descobriram que o inspetor tamb\u00e9m mantinha contato com outro aluno da escola. Segundo a delegacia, Guilherme levou a v\u00edtima at\u00e9 o banheiro e a obrigou a apalpar seu \u00f3rg\u00e3o sexual.\n<\/p>\n<p><strong>Revista Oeste\u00a0<\/strong> <\/p>\n<\/div>\n<p><br \/>\n<br \/><a href=\"https:\/\/diariodobrasilnoticias.com.br\/noticia\/inspetor-de-escola-estadual-foi-preso-por-estupro-de-vulneravel-e-armazenamento-de-pornografia-infantil-66f44d0e6fbea\">Source link <\/a><\/p>","protected":false},"excerpt":{"rendered":"<p>Um inspetor da Escola Estadual Professor Jo\u00e3o Boemer Jardim, no bairro Parque Tiet\u00ea, zona norte de S\u00e3o Paulo, foi preso por estupro de vulner\u00e1vel neste m\u00eas. A Pol\u00edcia Civil tamb\u00e9m&hellip;<\/p>","protected":false},"author":1,"featured_media":41676,"comment_status":"closed","ping_status":"open","sticky":false,"template":"","format":"standard","meta":{"content-type":"","footnotes":""},"categories":[16],"tags":[123,2448,5313,1267],"class_list":["post-41675","post","type-post","status-publish","format-standard","has-post-thumbnail","hentry","category-noticias","tag-brasil","tag-diario","tag-noticia","tag-noticias"],"_links":{"self":[{"href":"https:\/\/tvbrazilusa.com\/pt\/wp-json\/wp\/v2\/posts\/41675","targetHints":{"allow":["GET"]}}],"collection":[{"href":"https:\/\/tvbrazilusa.com\/pt\/wp-json\/wp\/v2\/posts"}],"about":[{"href":"https:\/\/tvbrazilusa.com\/pt\/wp-json\/wp\/v2\/types\/post"}],"author":[{"embeddable":true,"href":"https:\/\/tvbrazilusa.com\/pt\/wp-json\/wp\/v2\/users\/1"}],"replies":[{"embeddable":true,"href":"https:\/\/tvbrazilusa.com\/pt\/wp-json\/wp\/v2\/comments?post=41675"}],"version-history":[{"count":1,"href":"https:\/\/tvbrazilusa.com\/pt\/wp-json\/wp\/v2\/posts\/41675\/revisions"}],"predecessor-version":[{"id":41677,"href":"https:\/\/tvbrazilusa.com\/pt\/wp-json\/wp\/v2\/posts\/41675\/revisions\/41677"}],"wp:featuredmedia":[{"embeddable":true,"href":"https:\/\/tvbrazilusa.com\/pt\/wp-json\/wp\/v2\/media\/41676"}],"wp:attachment":[{"href":"https:\/\/tvbrazilusa.com\/pt\/wp-json\/wp\/v2\/media?parent=41675"}],"wp:term":[{"taxonomy":"category","embeddable":true,"href":"https:\/\/tvbrazilusa.com\/pt\/wp-json\/wp\/v2\/categories?post=41675"},{"taxonomy":"post_tag","embeddable":true,"href":"https:\/\/tvbrazilusa.com\/pt\/wp-json\/wp\/v2\/tags?post=41675"}],"curies":[{"name":"wp","href":"https:\/\/api.w.org\/{rel}","templated":true}]}}