{"id":41741,"date":"2024-09-25T21:48:43","date_gmt":"2024-09-25T21:48:43","guid":{"rendered":"https:\/\/tvbrazilusa.com\/2024\/09\/25\/horario-de-verao-2024-descubra-como-sera-o-funcionamento-de-bancos-e-servicos-publicos\/"},"modified":"2024-09-25T21:48:44","modified_gmt":"2024-09-25T21:48:44","slug":"horario-de-verao-2024-descubra-como-sera-o-funcionamento-de-bancos-e-servicos-publicos","status":"publish","type":"post","link":"https:\/\/tvbrazilusa.com\/pt\/2024\/09\/25\/horario-de-verao-2024-descubra-como-sera-o-funcionamento-de-bancos-e-servicos-publicos\/","title":{"rendered":"Hor\u00e1rio de ver\u00e3o 2024: descubra como ser\u00e1 o funcionamento de bancos e servi\u00e7os p\u00fablicos"},"content":{"rendered":"<p> <script async src=\"https:\/\/pagead2.googlesyndication.com\/pagead\/js\/adsbygoogle.js?client=ca-pub-8864793242727901\"\r\n     crossorigin=\"anonymous\"><\/script><br \/>\n<\/p>\n<p>O poss\u00edvel retorno do hor\u00e1rio de ver\u00e3o em 2024 pode impactar o funcionamento de bancos e servi\u00e7os p\u00fablicos em v\u00e1rias regi\u00f5es do Brasil. Com a mudan\u00e7a, que adiantar\u00e1 os rel\u00f3gios em uma hora, institui\u00e7\u00f5es financeiras e \u00f3rg\u00e3os governamentais devem ajustar seus hor\u00e1rios para se adequar \u00e0 nova realidade.\n<\/p>\n<div id=\"conex-1206652098\">\u00a0<\/p>\n<p>Nos bancos, o atendimento ao p\u00fablico poder\u00e1 ser antecipado, com ag\u00eancias abrindo e fechando mais cedo nas \u00e1reas afetadas pelo hor\u00e1rio de ver\u00e3o. A medida visa sincronizar o funcionamento com o novo fuso hor\u00e1rio.<\/p>\n<p>A mudan\u00e7a busca evitar problemas nos sistemas banc\u00e1rios que operam nacionalmente, como compensa\u00e7\u00f5es, transfer\u00eancias e opera\u00e7\u00f5es financeiras. Da mesma forma, servi\u00e7os p\u00fablicos, incluindo prefeituras, departamentos de tr\u00e2nsito e postos de atendimento, tamb\u00e9m devem adaptar seus hor\u00e1rios de funcionamento.\n<\/p>\n<p>\u00d3rg\u00e3os federais e estaduais poder\u00e3o divulgar novas tabelas de funcionamento para garantir que o p\u00fablico n\u00e3o seja prejudicado pelas mudan\u00e7as no hor\u00e1rio. O efeito do hor\u00e1rio de ver\u00e3o em bancos e servi\u00e7os p\u00fablicos deve ser comunicado previamente, permitindo que a popula\u00e7\u00e3o ajuste suas rotinas e se organize para evitar transtornos em transa\u00e7\u00f5es financeiras e atendimentos.\n<\/p>\n<p>O poss\u00edvel retorno do hor\u00e1rio de ver\u00e3o em 2024 tem sido recebido com otimismo por setores como o com\u00e9rcio e o de bares e restaurantes. A ideia de adiantar os rel\u00f3gios em uma hora \u00e9 vista como uma oportunidade de aquecer a economia, ao permitir maior circula\u00e7\u00e3o de pessoas durante os per\u00edodos com mais luz natural.\n<\/p>\n<p>A medida pode ter um impacto indireto positivo, com o aumento da atividade econ\u00f4mica beneficiando setores que empregam trabalhadores experientes. Para bares e restaurantes, o prolongamento das horas de luz pode elevar o faturamento em at\u00e9 15%, segundo Paulo Solmucci, presidente da Abrasel.\n<\/p>\n<p>A medida incentiva o lazer e o consumo ap\u00f3s o hor\u00e1rio de trabalho, beneficiando diretamente os profissionais desses setores. No com\u00e9rcio, o cen\u00e1rio tamb\u00e9m \u00e9 promissor. Claudio Felisoni de Angelo, do Ibevar, ressalta que o hor\u00e1rio de ver\u00e3o favorece as vendas e expande as oportunidades de compra, gerando um ciclo positivo para o setor de servi\u00e7os e o varejo. Com isso, a altera\u00e7\u00e3o no rel\u00f3gio pode resultar em ganhos econ\u00f4micos relevantes em diversas \u00e1reas.\n<\/p>\n<p>O governo est\u00e1 avaliando a possibilidade de reinstaurar o hor\u00e1rio de ver\u00e3o no Brasil. O ministro de Minas e Energia, Alexandre Silveira, afirmou que o tema est\u00e1 em an\u00e1lise e \u00e9 prov\u00e1vel que a proposta seja submetida ao governo para uma decis\u00e3o final nos pr\u00f3ximos dias.\n<\/p>\n<p>Silveira mencionou que o retorno do hor\u00e1rio de ver\u00e3o pode ocorrer dentro de 30 dias, observando que ainda h\u00e1 tempo para organizar a implementa\u00e7\u00e3o. Ele ressaltou que a medida teria efeitos positivos, especialmente no hor\u00e1rio de pico entre 18h e 20h.\n<\/p>\n<p>O ministro explicou que, nesse intervalo, o Brasil perde a contribui\u00e7\u00e3o da energia solar e a produ\u00e7\u00e3o de energia e\u00f3lica diminui. Isso obriga o uso de fontes t\u00e9rmicas, fazendo do hor\u00e1rio de ver\u00e3o uma estrat\u00e9gia relevante para otimizar o consumo energ\u00e9tico no pa\u00eds.\n<\/p>\n<p>Uma pesquisa aponta que 43,6% dos entrevistados acreditam que o hor\u00e1rio de ver\u00e3o contribui para a economia de energia e recursos. Por outro lado, 39,9% consideram que a medida n\u00e3o gera economia, enquanto 16,4% permanecem indecisos ou sem opini\u00e3o.\n<\/p>\n<p>Na regi\u00e3o Sul, 47,7% da popula\u00e7\u00e3o acredita que adiantar os rel\u00f3gios ajuda a economizar recursos. Quanto ao impacto econ\u00f4mico, 51,7% dos entrevistados enxergam o hor\u00e1rio de ver\u00e3o como ben\u00e9fico para setores como o com\u00e9rcio e restaurantes, enquanto 32,7% n\u00e3o identificam vantagens, e 15,4% est\u00e3o incertos. A pesquisa apresenta uma margem de erro de 2 pontos percentuais e n\u00edvel de confian\u00e7a de 95%.\n<\/p>\n<div id=\"conex-1445913891\" class=\"conex-dim-billboard conex-target\" data-conex-trackid=\"158166\" data-conex-trackbid=\"1\">\u00a0<\/p>\n<p>O hor\u00e1rio de ver\u00e3o foi abolido em 2019 por decreto do ent\u00e3o presidente\u00a0<a title=\"Jair Bolsonaro\" href=\"https:\/\/www.conexaopolitica.com.br\/tag\/jair-bolsonaro\/\" data-internallinksmanager029f6b8e52c=\"2\">Jair Bolsonaro<\/a>. Na \u00e9poca, uma nota t\u00e9cnica do Minist\u00e9rio de Minas e Energia (MME) apontou que n\u00e3o havia justificativas econ\u00f4micas para manter a pr\u00e1tica.\n<\/p>\n<p>O MME explicou que a decis\u00e3o de extinguir o hor\u00e1rio de ver\u00e3o, conforme o Decreto n\u00ba 9.772\/2019, foi fundamentada em an\u00e1lises realizadas pelo pr\u00f3prio minist\u00e9rio e pelo Operador Nacional do Sistema El\u00e9trico (ONS). Esses estudos in\u00e9ditos indicaram que a medida n\u00e3o produzia mais os resultados esperados, tornando-se desnecess\u00e1ria.\n<\/p>\n<p><strong>Conex\u00e3o Pol\u00edtica\u00a0<\/strong>\n<\/p>\n<\/div>\n<\/div>\n<p><br \/>\n<br \/><a href=\"https:\/\/diariodobrasilnoticias.com.br\/noticia\/horario-de-verao-2024-descubra-como-sera-o-funcionamento-de-bancos-e-servicos-publicos-66f45feca3afc\">Source link <\/a><\/p>","protected":false},"excerpt":{"rendered":"<p>O poss\u00edvel retorno do hor\u00e1rio de ver\u00e3o em 2024 pode impactar o funcionamento de bancos e servi\u00e7os p\u00fablicos em v\u00e1rias regi\u00f5es do Brasil. Com a mudan\u00e7a, que adiantar\u00e1 os rel\u00f3gios&hellip;<\/p>","protected":false},"author":1,"featured_media":41742,"comment_status":"closed","ping_status":"open","sticky":false,"template":"","format":"standard","meta":{"content-type":"","footnotes":""},"categories":[16],"tags":[123,2448,5313,1267],"class_list":["post-41741","post","type-post","status-publish","format-standard","has-post-thumbnail","hentry","category-noticias","tag-brasil","tag-diario","tag-noticia","tag-noticias"],"_links":{"self":[{"href":"https:\/\/tvbrazilusa.com\/pt\/wp-json\/wp\/v2\/posts\/41741","targetHints":{"allow":["GET"]}}],"collection":[{"href":"https:\/\/tvbrazilusa.com\/pt\/wp-json\/wp\/v2\/posts"}],"about":[{"href":"https:\/\/tvbrazilusa.com\/pt\/wp-json\/wp\/v2\/types\/post"}],"author":[{"embeddable":true,"href":"https:\/\/tvbrazilusa.com\/pt\/wp-json\/wp\/v2\/users\/1"}],"replies":[{"embeddable":true,"href":"https:\/\/tvbrazilusa.com\/pt\/wp-json\/wp\/v2\/comments?post=41741"}],"version-history":[{"count":1,"href":"https:\/\/tvbrazilusa.com\/pt\/wp-json\/wp\/v2\/posts\/41741\/revisions"}],"predecessor-version":[{"id":41743,"href":"https:\/\/tvbrazilusa.com\/pt\/wp-json\/wp\/v2\/posts\/41741\/revisions\/41743"}],"wp:featuredmedia":[{"embeddable":true,"href":"https:\/\/tvbrazilusa.com\/pt\/wp-json\/wp\/v2\/media\/41742"}],"wp:attachment":[{"href":"https:\/\/tvbrazilusa.com\/pt\/wp-json\/wp\/v2\/media?parent=41741"}],"wp:term":[{"taxonomy":"category","embeddable":true,"href":"https:\/\/tvbrazilusa.com\/pt\/wp-json\/wp\/v2\/categories?post=41741"},{"taxonomy":"post_tag","embeddable":true,"href":"https:\/\/tvbrazilusa.com\/pt\/wp-json\/wp\/v2\/tags?post=41741"}],"curies":[{"name":"wp","href":"https:\/\/api.w.org\/{rel}","templated":true}]}}