{"id":4175,"date":"2024-07-19T21:48:50","date_gmt":"2024-07-19T21:48:50","guid":{"rendered":"https:\/\/tvbrazilusa.com\/2024\/07\/19\/video-reporter-e-surpreendido-e-atingido-por-objeto-durante-cobertura-ao-vivo-em-sp-veja\/"},"modified":"2024-07-19T21:52:12","modified_gmt":"2024-07-19T21:52:12","slug":"video-reporter-e-surpreendido-e-atingido-por-objeto-durante-cobertura-ao-vivo-em-sp-veja","status":"publish","type":"post","link":"https:\/\/tvbrazilusa.com\/pt\/2024\/07\/19\/video-reporter-e-surpreendido-e-atingido-por-objeto-durante-cobertura-ao-vivo-em-sp-veja\/","title":{"rendered":"V\u00cdDEO: rep\u00f3rter \u00e9 surpreendido e atingido por objeto durante cobertura ao vivo em SP; VEJA"},"content":{"rendered":"<p> <script async src=\"https:\/\/pagead2.googlesyndication.com\/pagead\/js\/adsbygoogle.js?client=ca-pub-8864793242727901\"\r\n     crossorigin=\"anonymous\"><\/script><br \/>\n<\/p>\n<div>\n<p>Na tarde desta sexta-feira (19\/7), um incidente preocupante ocorreu com o rep\u00f3rter Marcos Guimar\u00e3es, enquanto realizava uma reportagem ao vivo no centro de S\u00e3o Paulo. Guimar\u00e3es, que trabalha para o programa Cidade Alerta, foi atingido na cabe\u00e7a por uma garrafa pl\u00e1stica durante a cobertura de uma situa\u00e7\u00e3o de tens\u00e3o na \u00e1rea.<\/p>\n<p>O evento ocorreu pr\u00f3ximo a Cracol\u00e2ndia, conhecida por ser um ponto de intensa movimenta\u00e7\u00e3o de dependentes qu\u00edmicos e conflitos frequentes. O rep\u00f3rter estava no meio de uma interven\u00e7\u00e3o da Guarda Civil Metropolitana (GCM) que visava controlar a situa\u00e7\u00e3o ap\u00f3s a pris\u00e3o de membros do Primeiro Comando da Capital (PCC), uma conhecida fac\u00e7\u00e3o criminosa.<\/p>\n<blockquote class=\"twitter-tweet\" data-media-max-width=\"560\">\n<p lang=\"pt\" dir=\"ltr\">\u23ef\ufe0f O rep\u00f3rter Marcos Guimar\u00e3es, do Cidade Alerta, foi atingido por uma garrafa pl\u00e1stica no centro de S\u00e3o Paulo, na tarde desta sexta-feira (19\/7). Na ocasi\u00e3o, o jornalista fazia um link ao vivo para comentar o clima de tens\u00e3o no local.<\/p>\n<p>A movimenta\u00e7\u00e3o ocorreu devido \u00e0 pris\u00e3o de\u2026 <a href=\"https:\/\/t.co\/JJIgoRbaV1\">pic.twitter.com\/JJIgoRbaV1<\/a><\/p>\n<p>\u2014 Metr\u00f3poles (@Metropoles) <a href=\"https:\/\/twitter.com\/Metropoles\/status\/1814403930383667397?ref_src=twsrc%5Etfw\">July 19, 2024<\/a><\/p><\/blockquote>\n<h2 class=\"wp-block-heading\">O que aconteceu com o rep\u00f3rter Marcos Guimar\u00e3es?<\/h2>\n<p>Marcos Guimar\u00e3es reportava as tens\u00f5es do local quando um grupo de dependentes qu\u00edmicos, aparentemente perturbado com a presen\u00e7a da imprensa, protagonizou o ataque com uma garrafa pet. O objeto lan\u00e7ado em meio ao caos encontrou o rep\u00f3rter, que foi surpreendido e atingido diretamente na cabe\u00e7a.<\/p>\n<figure class=\"wp-block-image size-large\"><picture decoding=\"async\" class=\"wp-image-157947\"><source type=\"image\/webp\" srcset=\"https:\/\/terrabrasilnoticias.com\/wp-content\/uploads\/2024\/07\/image-597-1024x576.png.webp 1024w, https:\/\/terrabrasilnoticias.com\/wp-content\/uploads\/2024\/07\/image-597-300x169.png.webp 300w, https:\/\/terrabrasilnoticias.com\/wp-content\/uploads\/2024\/07\/image-597-768x432.png.webp 768w, https:\/\/terrabrasilnoticias.com\/wp-content\/uploads\/2024\/07\/image-597-750x422.png.webp 750w, https:\/\/terrabrasilnoticias.com\/wp-content\/uploads\/2024\/07\/image-597-1140x641.png.webp 1140w, https:\/\/terrabrasilnoticias.com\/wp-content\/uploads\/2024\/07\/image-597.png.webp 1200w\" sizes=\"(max-width: 1024px) 100vw, 1024px\"\/><\/picture><figcaption class=\"wp-element-caption\">Reprodu\u00e7\u00e3o\/X<\/figcaption><\/figure>\n<h2 class=\"wp-block-heading\">Seguran\u00e7a de jornalistas em zonas de conflito urbano<\/h2>\n<p>A seguran\u00e7a de jornalistas tornou-se um tema cada vez mais debatido, especialmente quando esses profissionais encontram-se em zonas de conflito urbano ou durante a cobertura de eventos de alto risco. A quest\u00e3o levanta preocupa\u00e7\u00f5es sobre as medidas de prote\u00e7\u00e3o adequadas para profissionais de imprensa em campo.<\/p>\n<h3 class=\"wp-block-heading\">Repercuss\u00f5es nas Redes Sociais<\/h3>\n<p>Ap\u00f3s o incidente, Marcos Guimar\u00e3es relatou em suas redes sociais n\u00e3o apenas o ataque sofrido, mas tamb\u00e9m outras amea\u00e7as enfrentadas no mesmo dia, como tentativas de roubo e at\u00e9 mesmo risco de ser atropelado. Este relato ampliou a discuss\u00e3o sobre a seguran\u00e7a de profissionais da m\u00eddia em coberturas ao vivo em \u00e1reas de alta tens\u00e3o.<\/p>\n<p>O incidente serve como um alerta para emissoras de televis\u00e3o e entidades jornal\u00edsticas sobre a import\u00e2ncia de prover equipamentos de seguran\u00e7a e treinamento adequado para seus rep\u00f3rteres, visando minimizar riscos e garantir que o trabalho jornal\u00edstico possa ser realizado sem amea\u00e7as \u00e0 integridade f\u00edsica dos profissionais.<\/p>\n<\/p><\/div>\n<p><script async src=\"\/\/platform.twitter.com\/widgets.js\" charset=\"utf-8\"><\/script><br \/>\n<br \/><br \/>\n<br \/><a href=\"https:\/\/terrabrasilnoticias.com\/2024\/07\/video-reporter-e-surpreendido-e-atingido-por-objeto-durante-cobertura-ao-vivo-em-sp-veja\/\">Source link <\/a><\/p>","protected":false},"excerpt":{"rendered":"<p>Na tarde desta sexta-feira (19\/7), um incidente preocupante ocorreu com o rep\u00f3rter Marcos Guimar\u00e3es, enquanto realizava uma reportagem ao vivo no centro de S\u00e3o Paulo. Guimar\u00e3es, que trabalha para o&hellip;<\/p>","protected":false},"author":1,"featured_media":4176,"comment_status":"closed","ping_status":"open","sticky":false,"template":"","format":"standard","meta":{"content-type":"","footnotes":""},"categories":[16],"tags":[],"class_list":["post-4175","post","type-post","status-publish","format-standard","has-post-thumbnail","hentry","category-noticias"],"_links":{"self":[{"href":"https:\/\/tvbrazilusa.com\/pt\/wp-json\/wp\/v2\/posts\/4175","targetHints":{"allow":["GET"]}}],"collection":[{"href":"https:\/\/tvbrazilusa.com\/pt\/wp-json\/wp\/v2\/posts"}],"about":[{"href":"https:\/\/tvbrazilusa.com\/pt\/wp-json\/wp\/v2\/types\/post"}],"author":[{"embeddable":true,"href":"https:\/\/tvbrazilusa.com\/pt\/wp-json\/wp\/v2\/users\/1"}],"replies":[{"embeddable":true,"href":"https:\/\/tvbrazilusa.com\/pt\/wp-json\/wp\/v2\/comments?post=4175"}],"version-history":[{"count":1,"href":"https:\/\/tvbrazilusa.com\/pt\/wp-json\/wp\/v2\/posts\/4175\/revisions"}],"predecessor-version":[{"id":4177,"href":"https:\/\/tvbrazilusa.com\/pt\/wp-json\/wp\/v2\/posts\/4175\/revisions\/4177"}],"wp:featuredmedia":[{"embeddable":true,"href":"https:\/\/tvbrazilusa.com\/pt\/wp-json\/wp\/v2\/media\/4176"}],"wp:attachment":[{"href":"https:\/\/tvbrazilusa.com\/pt\/wp-json\/wp\/v2\/media?parent=4175"}],"wp:term":[{"taxonomy":"category","embeddable":true,"href":"https:\/\/tvbrazilusa.com\/pt\/wp-json\/wp\/v2\/categories?post=4175"},{"taxonomy":"post_tag","embeddable":true,"href":"https:\/\/tvbrazilusa.com\/pt\/wp-json\/wp\/v2\/tags?post=4175"}],"curies":[{"name":"wp","href":"https:\/\/api.w.org\/{rel}","templated":true}]}}