{"id":41755,"date":"2024-09-25T22:06:17","date_gmt":"2024-09-25T22:06:17","guid":{"rendered":"https:\/\/tvbrazilusa.com\/2024\/09\/25\/moraes-vai-ser-denunciado-nos-eua-por-crime-de-tortura-paulo-figueiredo\/"},"modified":"2024-09-25T22:27:27","modified_gmt":"2024-09-25T22:27:27","slug":"moraes-vai-ser-denunciado-nos-eua-por-crime-de-tortura-paulo-figueiredo","status":"publish","type":"post","link":"https:\/\/tvbrazilusa.com\/pt\/2024\/09\/25\/moraes-vai-ser-denunciado-nos-eua-por-crime-de-tortura-paulo-figueiredo\/","title":{"rendered":"Moraes vai ser denunciado nos EUA por crime de tortura &#8211; Paulo Figueiredo"},"content":{"rendered":"<p> <script async src=\"https:\/\/pagead2.googlesyndication.com\/pagead\/js\/adsbygoogle.js?client=ca-pub-8864793242727901\"\r\n     crossorigin=\"anonymous\"><\/script><br \/>\n<\/p>\n<div id=\"wtr-content\" data-bg=\"#FFFFFF\" data-fg=\"#006d91\" data-width=\"25\" data-mute=\"1\" data-fgopacity=\"1.00\" data-mutedopacity=\"0.5\" data-placement=\"bottom\" data-placement-offset=\"0\" data-content-offset=\"262\" data-placement-touch=\"bottom\" data-placement-offset-touch=\"0\" data-transparent=\"\" data-shadow=\"0\" data-touch=\"1\" data-non-touch=\"1\" data-comments=\"0\" data-commentsbg=\"transparent\" data-location=\"page\" data-mutedfg=\"#006d91\" data-endfg=\"#006d91\" data-rtl=\"\">\n<h3 class=\"wp-block-heading\">Iniciativa proposta pelo advogado de Daniel Silveira se d\u00e1 por suposto abuso de autoridade e poder do ministro no caso do ex-deputado<\/h3>\n<p>Nos pr\u00f3ximos dias, o advogado Paulo Faria vai denunciar o ministro Alexandre de Moraes, do\u00a0<strong>Supremo Tribunal Federal (STF)<\/strong>, na Comiss\u00e3o Interamericana de Direitos Humanos, em Washington D.C.<\/p>\n<p>Faria disse a\u00a0<strong>Oeste\u00a0<\/strong>que tomou a decis\u00e3o em virtude \u201cdas condutas\u201d do juiz do STF no caso de Daniel Silveira. O ex-deputado \u00e9 defendido por Faria, Michael Robert, Paola Silva e Sebasti\u00e3o Coelho.<\/p>\n<p>Conforme o advogado, Moraes cometeu crime de tortura, al\u00e9m de \u201cabuso de poder e autoridade\u201d.<\/p>\n<p>Ontem,\u00a0<strong>Moraes determinou ao governo do Estado do Rio de Janeiro informa\u00e7\u00f5es adicionais sobre o exame criminol\u00f3gico de Silveira.<\/strong>\u00a0O laudo m\u00e9dico enviado h\u00e1 algumas semanas ao magistrado \u00e9 favor\u00e1vel \u00e0 concess\u00e3o da progress\u00e3o de regime solicitada por Faria.\u00a0<strong>Para Moraes, contudo, o documento \u00e9 \u201csuperficial\u201d.<\/strong><\/p>\n<p>A exig\u00eancia desse exame sucedeu ao pagamento de uma multa de aproximadamente R$ 270 mil.<\/p>\n<p>Depois de quitar o saldo devedor informado por Moraes, Faria precisou complementar a d\u00edvida, por exig\u00eancia da Procuradoria-Geral da Rep\u00fablica.<\/p>\n<h3 class=\"wp-block-heading\">Cr\u00edticas de Alexandre de Moraes a exame criminol\u00f3gico<\/h3>\n<p>De acordo com Moraes, em um despacho sobre o exame, houve uma \u201c\u00fanica entrevista, sendo que as \u2018conclus\u00f5es referem-se ao momento atual\u2019, n\u00e3o permitindo predizer condutas futuras\u201d. A uma assistente social do governo estadual, Silveira disse que foi \u201cmal interpretado\u201d pelo STF e que n\u00e3o tinha inten\u00e7\u00e3o de \u201cconfigurar delito\u201d ao gravar o v\u00eddeo no qual ofendeu os magistrados do tribunal.<\/p>\n<p>\u201cElemento comum a todos os laudos produzidos, em que pese a superficialidade, \u00e9 a falta de reconhecimento, por parte do sentenciado, dos graves crimes cometidos, de modo a manter o discurso de que teria sido injusti\u00e7ado e perseguido\u201d, observou Moraes. \u201cAliado a referido fato, ainda, observa-se a aus\u00eancia de prognose relacionada \u00e0s condutas futuras do sentenciado, caracter\u00edstica essencial de qualquer exame criminol\u00f3gico.\u201d<\/p>\n<p><strong><a href=\"https:\/\/revistaoeste.com\/no-ponto\/alexandre-de-moraes-vai-ser-denunciado-pelo-crime-de-tortura-nos-eua\/\">Source link<\/a><\/strong><\/p>\n<\/div>\n<p><br \/>\n<br \/><a href=\"https:\/\/paulofigueiredoshow.com\/moraes-vai-ser-denunciado-nos-eua-por-crime-de-tortura\/\">Source link <\/a><\/p>","protected":false},"excerpt":{"rendered":"<p>Iniciativa proposta pelo advogado de Daniel Silveira se d\u00e1 por suposto abuso de autoridade e poder do ministro no caso do ex-deputado Nos pr\u00f3ximos dias, o advogado Paulo Faria vai&hellip;<\/p>","protected":false},"author":1,"featured_media":32445,"comment_status":"closed","ping_status":"open","sticky":false,"template":"","format":"standard","meta":{"content-type":"","footnotes":""},"categories":[16],"tags":[684,511,9152,22644,592,8884,7190,425,1475,1042,4767],"class_list":["post-41755","post","type-post","status-publish","format-standard","has-post-thumbnail","hentry","category-noticias","tag-advogado","tag-caso","tag-comorbidade","tag-denunciado","tag-eua","tag-laudo","tag-medico","tag-moraes","tag-preso","tag-silveira","tag-tortura"],"_links":{"self":[{"href":"https:\/\/tvbrazilusa.com\/pt\/wp-json\/wp\/v2\/posts\/41755","targetHints":{"allow":["GET"]}}],"collection":[{"href":"https:\/\/tvbrazilusa.com\/pt\/wp-json\/wp\/v2\/posts"}],"about":[{"href":"https:\/\/tvbrazilusa.com\/pt\/wp-json\/wp\/v2\/types\/post"}],"author":[{"embeddable":true,"href":"https:\/\/tvbrazilusa.com\/pt\/wp-json\/wp\/v2\/users\/1"}],"replies":[{"embeddable":true,"href":"https:\/\/tvbrazilusa.com\/pt\/wp-json\/wp\/v2\/comments?post=41755"}],"version-history":[{"count":1,"href":"https:\/\/tvbrazilusa.com\/pt\/wp-json\/wp\/v2\/posts\/41755\/revisions"}],"predecessor-version":[{"id":41756,"href":"https:\/\/tvbrazilusa.com\/pt\/wp-json\/wp\/v2\/posts\/41755\/revisions\/41756"}],"wp:featuredmedia":[{"embeddable":true,"href":"https:\/\/tvbrazilusa.com\/pt\/wp-json\/wp\/v2\/media\/32445"}],"wp:attachment":[{"href":"https:\/\/tvbrazilusa.com\/pt\/wp-json\/wp\/v2\/media?parent=41755"}],"wp:term":[{"taxonomy":"category","embeddable":true,"href":"https:\/\/tvbrazilusa.com\/pt\/wp-json\/wp\/v2\/categories?post=41755"},{"taxonomy":"post_tag","embeddable":true,"href":"https:\/\/tvbrazilusa.com\/pt\/wp-json\/wp\/v2\/tags?post=41755"}],"curies":[{"name":"wp","href":"https:\/\/api.w.org\/{rel}","templated":true}]}}