{"id":41757,"date":"2024-09-25T22:43:10","date_gmt":"2024-09-25T22:43:10","guid":{"rendered":"https:\/\/tvbrazilusa.com\/2024\/09\/25\/argentina-prende-homem-que-ameacou-matar-milei\/"},"modified":"2024-09-25T22:43:11","modified_gmt":"2024-09-25T22:43:11","slug":"argentina-prende-homem-que-ameacou-matar-milei","status":"publish","type":"post","link":"https:\/\/tvbrazilusa.com\/pt\/2024\/09\/25\/argentina-prende-homem-que-ameacou-matar-milei\/","title":{"rendered":"Argentina prende homem que amea\u00e7ou matar Milei"},"content":{"rendered":"<p> <script async src=\"https:\/\/pagead2.googlesyndication.com\/pagead\/js\/adsbygoogle.js?client=ca-pub-8864793242727901\"\r\n     crossorigin=\"anonymous\"><\/script><br \/>\n<\/p>\n<div id=\"taboola-read-more\" style=\"display:block; width:100%\">\n<p tabindex=\"0\">A Pol\u00edcia Federal Argentina (PFA) prendeu na madrugada desta quarta-feira (25) um homem identificado como Fabi\u00e1n Barraza Leonel, de 32 anos, acusado de amea\u00e7ar de morte o presidente argentino Javier Milei.\n<\/p>\n<p tabindex=\"0\">\u00a0<\/p>\n<p tabindex=\"0\">O homem amea\u00e7ou Milei durante uma entrevista concedida ao jornalista argentino Tom\u00e1s D\u00edaz Cueto, que foi veiculada no dia 12 de julho na rede social X, segundo informa\u00e7\u00f5es da Ag\u00eancia EFE. Nesta entrevista, o homem afirmou, de maneira expl\u00edcita, que pretendia matar o presidente: &#8220;Vou dar um tiro, um \u2018cuetazo\u2019 [&#8216;um forte golpe&#8217;] na cabe\u00e7a [de Milei], vou tomar dez Clonazepam\u00a0e vou estourar a cabe\u00e7a com uma .44 Magnum, .22 Magnum, o que for. Colocamos um ferro [arma] desses para esmag\u00e1-lo. Tac, pum\u201d, disse Leonel no v\u00eddeo, simulando a prepara\u00e7\u00e3o da arma e os disparos.\n<\/p>\n<p tabindex=\"0\">\u00a0\n<\/p>\n<p tabindex=\"0\">A pris\u00e3o do homem ocorreu em uma resid\u00eancia localizada na cidade de Gonz\u00e1lez Cat\u00e1n, na prov\u00edncia de Buenos Aires. Ela faz parte de uma investiga\u00e7\u00e3o que est\u00e1 sendo conduzida pela Justi\u00e7a argentina sobre amea\u00e7as feitas contra Milei.\n<\/p>\n<p tabindex=\"0\">\u00a0\n<\/p>\n<p tabindex=\"0\">Conforme informa\u00e7\u00f5es, agentes da Divis\u00e3o de Delitos Constitucionais da Superintend\u00eancia de Investiga\u00e7\u00f5es Federais realizaram a opera\u00e7\u00e3o, que resultou tamb\u00e9m na apreens\u00e3o de comprimidos de Clonazepam, medicamento utilizado para tratar dist\u00farbios de ansiedade, que estava em posse do acusado. Ele foi levado para uma delegacia, enquanto os itens apreendidos est\u00e3o sob cust\u00f3dia da Justi\u00e7a para investiga\u00e7\u00e3o.\n<\/p>\n<p tabindex=\"0\">\u00a0\n<\/p>\n<p tabindex=\"0\">A resposta oficial do governo argentino foi imediata. A ministra da Seguran\u00e7a, Patricia Bullrich, celebrou a pris\u00e3o em suas redes sociais. \u201cAmea\u00e7ou o presidente da na\u00e7\u00e3o: cadeia!\u201d, escreveu em sua conta oficial no X. Bullrich refor\u00e7ou o compromisso do governo argentino com a seguran\u00e7a e o respeito \u00e0 lei, destacando que atitudes como a do homem preso por amea\u00e7ar Milei n\u00e3o ficariam impunes. \u201cQue fique bem claro: a Argentina do \u2018fazemos o que queremos, no fim n\u00e3o d\u00e1 em nada\u2019 acabou. Lei e ordem. Quem faz, paga\u201d, enfatizou a ministra.\n<\/p>\n<p tabindex=\"0\"><strong>Gazeta do Povo\u00a0<\/strong> <\/p>\n<\/div>\n<p><br \/>\n<br \/><a href=\"https:\/\/diariodobrasilnoticias.com.br\/noticia\/argentina-prende-homem-que-ameacou-matar-milei-66f46961a4332\">Source link <\/a><\/p>","protected":false},"excerpt":{"rendered":"<p>A Pol\u00edcia Federal Argentina (PFA) prendeu na madrugada desta quarta-feira (25) um homem identificado como Fabi\u00e1n Barraza Leonel, de 32 anos, acusado de amea\u00e7ar de morte o presidente argentino Javier&hellip;<\/p>","protected":false},"author":1,"featured_media":41758,"comment_status":"closed","ping_status":"open","sticky":false,"template":"","format":"standard","meta":{"content-type":"","footnotes":""},"categories":[16],"tags":[123,2448,5313,1267],"class_list":["post-41757","post","type-post","status-publish","format-standard","has-post-thumbnail","hentry","category-noticias","tag-brasil","tag-diario","tag-noticia","tag-noticias"],"_links":{"self":[{"href":"https:\/\/tvbrazilusa.com\/pt\/wp-json\/wp\/v2\/posts\/41757","targetHints":{"allow":["GET"]}}],"collection":[{"href":"https:\/\/tvbrazilusa.com\/pt\/wp-json\/wp\/v2\/posts"}],"about":[{"href":"https:\/\/tvbrazilusa.com\/pt\/wp-json\/wp\/v2\/types\/post"}],"author":[{"embeddable":true,"href":"https:\/\/tvbrazilusa.com\/pt\/wp-json\/wp\/v2\/users\/1"}],"replies":[{"embeddable":true,"href":"https:\/\/tvbrazilusa.com\/pt\/wp-json\/wp\/v2\/comments?post=41757"}],"version-history":[{"count":1,"href":"https:\/\/tvbrazilusa.com\/pt\/wp-json\/wp\/v2\/posts\/41757\/revisions"}],"predecessor-version":[{"id":41759,"href":"https:\/\/tvbrazilusa.com\/pt\/wp-json\/wp\/v2\/posts\/41757\/revisions\/41759"}],"wp:featuredmedia":[{"embeddable":true,"href":"https:\/\/tvbrazilusa.com\/pt\/wp-json\/wp\/v2\/media\/41758"}],"wp:attachment":[{"href":"https:\/\/tvbrazilusa.com\/pt\/wp-json\/wp\/v2\/media?parent=41757"}],"wp:term":[{"taxonomy":"category","embeddable":true,"href":"https:\/\/tvbrazilusa.com\/pt\/wp-json\/wp\/v2\/categories?post=41757"},{"taxonomy":"post_tag","embeddable":true,"href":"https:\/\/tvbrazilusa.com\/pt\/wp-json\/wp\/v2\/tags?post=41757"}],"curies":[{"name":"wp","href":"https:\/\/api.w.org\/{rel}","templated":true}]}}