{"id":41765,"date":"2024-09-25T23:10:09","date_gmt":"2024-09-25T23:10:09","guid":{"rendered":"https:\/\/tvbrazilusa.com\/2024\/09\/25\/moraes-reconhece-erro-na-prisao-e-ordena-a-soltura-do-denunciado-do-8-1\/"},"modified":"2024-09-25T23:10:10","modified_gmt":"2024-09-25T23:10:10","slug":"moraes-reconhece-erro-na-prisao-e-ordena-a-soltura-do-denunciado-do-8-1","status":"publish","type":"post","link":"https:\/\/tvbrazilusa.com\/pt\/2024\/09\/25\/moraes-reconhece-erro-na-prisao-e-ordena-a-soltura-do-denunciado-do-8-1\/","title":{"rendered":"Moraes reconhece erro na pris\u00e3o e ordena a soltura do denunciado do 8\/1"},"content":{"rendered":"<p> <script async src=\"https:\/\/pagead2.googlesyndication.com\/pagead\/js\/adsbygoogle.js?client=ca-pub-8864793242727901\"\r\n     crossorigin=\"anonymous\"><\/script><br \/>\n<\/p>\n<div id=\"taboola-read-more\" style=\"display:block; width:100%\">\n<p>O ministro Alexandre de Moraes, do Supremo Tribunal Federal (PT), reconheceu ter cometido um erro ao ordenar a nova pris\u00e3o de Kelson de Souza Lima, denunciado pelos atos do 8 de janeiro. Diante da constata\u00e7\u00e3o, o magistrado ordenou a soltura do rapaz, que estava detido h\u00e1 tr\u00eas meses por supostamente violar as regras do uso de tornozeleira eletr\u00f4nica, quando, na verdade, o ministro que havia buscado os dados no estado errado.\n<\/p>\n<p>Kelson foi preso pela primeira vez no dia dos atos e permaneceu detido at\u00e9 mar\u00e7o de 2023, quando foi liberado sob medidas cautelares. Para seguir em liberdade, ele teria que usar continuamente o monitoramento eletr\u00f4nico e se apresentar semanalmente a um juiz.<\/p>\n<p>Em agosto de 2023, Moraes autorizou que Kelson se mudasse para Massap\u00ea, no Cear\u00e1. Entretanto, em junho deste ano, o magistrado cobrou do estado de S\u00e3o Paulo os dados sobre o uso da tornozeleira de Kelson, desconsiderando a mudan\u00e7a que ele mesmo permitiu.\n<\/p>\n<p>\u00a0<\/p>\n<p>Ap\u00f3s S\u00e3o Paulo responder que n\u00e3o havia identificado atividade da tornozeleira, Moraes concluiu que o denunciado havia descumprido as medidas cautelares e ordenou sua volta para a pris\u00e3o, alegando que Kelson demonstrara completo desprezo pelo STF.\n<\/p>\n<p>O ministro reconheceu o equ\u00edvoco ap\u00f3s os advogados de Lima e a Procuradoria-Geral da Rep\u00fablica (PGR) o alertarem. Desde a nova pris\u00e3o de Kelson at\u00e9 a ordem de soltura se passaram tr\u00eas meses.\n<\/p>\n<p>Kelson \u00e9 denunciado por associa\u00e7\u00e3o criminosa e incita\u00e7\u00e3o ao crime. A defesa, contudo, relata que seu cliente estava no acampamento em frente ao Quartel-General do Ex\u00e9rcito junto dos manifestantes porque se encontrava em situa\u00e7\u00e3o de rua, precisando de alimento e abrigo. Os advogados ainda afirmam que Kelson possui transtornos psiqui\u00e1tricos.\n<\/p>\n<p><strong>Pleno.news\u00a0<\/strong> <\/p>\n<\/div>\n<p><br \/>\n<br \/><a href=\"https:\/\/diariodobrasilnoticias.com.br\/noticia\/moraes-reconhece-erro-na-prisao-e-ordena-a-soltura-do-denunciado-do-8-1-66f4730cc5ee7\">Source link <\/a><\/p>","protected":false},"excerpt":{"rendered":"<p>O ministro Alexandre de Moraes, do Supremo Tribunal Federal (PT), reconheceu ter cometido um erro ao ordenar a nova pris\u00e3o de Kelson de Souza Lima, denunciado pelos atos do 8&hellip;<\/p>","protected":false},"author":1,"featured_media":41766,"comment_status":"closed","ping_status":"open","sticky":false,"template":"","format":"standard","meta":{"content-type":"","footnotes":""},"categories":[16],"tags":[123,2448,5313,1267],"class_list":["post-41765","post","type-post","status-publish","format-standard","has-post-thumbnail","hentry","category-noticias","tag-brasil","tag-diario","tag-noticia","tag-noticias"],"_links":{"self":[{"href":"https:\/\/tvbrazilusa.com\/pt\/wp-json\/wp\/v2\/posts\/41765","targetHints":{"allow":["GET"]}}],"collection":[{"href":"https:\/\/tvbrazilusa.com\/pt\/wp-json\/wp\/v2\/posts"}],"about":[{"href":"https:\/\/tvbrazilusa.com\/pt\/wp-json\/wp\/v2\/types\/post"}],"author":[{"embeddable":true,"href":"https:\/\/tvbrazilusa.com\/pt\/wp-json\/wp\/v2\/users\/1"}],"replies":[{"embeddable":true,"href":"https:\/\/tvbrazilusa.com\/pt\/wp-json\/wp\/v2\/comments?post=41765"}],"version-history":[{"count":1,"href":"https:\/\/tvbrazilusa.com\/pt\/wp-json\/wp\/v2\/posts\/41765\/revisions"}],"predecessor-version":[{"id":41767,"href":"https:\/\/tvbrazilusa.com\/pt\/wp-json\/wp\/v2\/posts\/41765\/revisions\/41767"}],"wp:featuredmedia":[{"embeddable":true,"href":"https:\/\/tvbrazilusa.com\/pt\/wp-json\/wp\/v2\/media\/41766"}],"wp:attachment":[{"href":"https:\/\/tvbrazilusa.com\/pt\/wp-json\/wp\/v2\/media?parent=41765"}],"wp:term":[{"taxonomy":"category","embeddable":true,"href":"https:\/\/tvbrazilusa.com\/pt\/wp-json\/wp\/v2\/categories?post=41765"},{"taxonomy":"post_tag","embeddable":true,"href":"https:\/\/tvbrazilusa.com\/pt\/wp-json\/wp\/v2\/tags?post=41765"}],"curies":[{"name":"wp","href":"https:\/\/api.w.org\/{rel}","templated":true}]}}