{"id":41779,"date":"2024-09-25T23:51:31","date_gmt":"2024-09-25T23:51:31","guid":{"rendered":"https:\/\/tvbrazilusa.com\/2024\/09\/25\/stf-adia-julgamento-sobre-regulamentacao-de-redes-sociais-paulo-figueiredo\/"},"modified":"2024-09-26T00:06:59","modified_gmt":"2024-09-26T00:06:59","slug":"stf-adia-julgamento-sobre-regulamentacao-de-redes-sociais-paulo-figueiredo","status":"publish","type":"post","link":"https:\/\/tvbrazilusa.com\/pt\/2024\/09\/25\/stf-adia-julgamento-sobre-regulamentacao-de-redes-sociais-paulo-figueiredo\/","title":{"rendered":"STF adia julgamento sobre &#8220;regulamenta\u00e7\u00e3o&#8221; de redes sociais &#8211; Paulo Figueiredo"},"content":{"rendered":"<p> <script async src=\"https:\/\/pagead2.googlesyndication.com\/pagead\/js\/adsbygoogle.js?client=ca-pub-8864793242727901\"\r\n     crossorigin=\"anonymous\"><\/script><br \/>\n<\/p>\n<div id=\"wtr-content\" data-bg=\"#FFFFFF\" data-fg=\"#006d91\" data-width=\"25\" data-mute=\"1\" data-fgopacity=\"1.00\" data-mutedopacity=\"0.5\" data-placement=\"bottom\" data-placement-offset=\"0\" data-content-offset=\"262\" data-placement-touch=\"bottom\" data-placement-offset-touch=\"0\" data-transparent=\"\" data-shadow=\"0\" data-touch=\"1\" data-non-touch=\"1\" data-comments=\"0\" data-commentsbg=\"transparent\" data-location=\"page\" data-mutedfg=\"#006d91\" data-endfg=\"#006d91\" data-rtl=\"\">\n<h2 class=\"wp-block-heading\">O presidente do STF, Lu\u00eds Roberto Barroso, decidiu adiar o julgamento de a\u00e7\u00f5es contra redes sociais para novembro<\/h2>\n<p>O presidente do Supremo Tribunal Federal (STF), Lu\u00eds Roberto Barroso, declarou nesta quarta-feira (25) que a an\u00e1lise de casos relacionados \u00e0 regulamenta\u00e7\u00e3o das redes sociais ficar\u00e1 para depois das elei\u00e7\u00f5es municipais deste ano. Segundo Barroso, as resolu\u00e7\u00f5es j\u00e1 emitidas pelo\u00a0Tribunal Superior Eleitoral (TSE)\u00a0s\u00e3o suficientes para lidar com a quest\u00e3o durante o pleito eleitoral.<\/p>\n<p>O debate sobre a regulamenta\u00e7\u00e3o das\u00a0redes sociais\u00a0tamb\u00e9m ocorre no Congresso Nacional. Em junho de 2024, o presidente da C\u00e2mara dos Deputados, Arthur Lira (PP-AL), formou uma comiss\u00e3o para discutir o PL 2.630\/2020, conhecido como \u201cPL das Fake News\u201d, mas o projeto ainda n\u00e3o foi votado.<\/p>\n<p>Barroso reconheceu a dificuldade em se chegar a um consenso legislativo sobre a mat\u00e9ria. \u201cEsse \u00e9 um impasse que n\u00e3o ocorre apenas no Brasil, mas em todo o mundo\u201d, afirmou. Ele refor\u00e7ou que, quando os casos chegam ao STF, o tribunal \u00e9 obrigado a decidir. No entanto, por pedido dos relatores dos dois casos em pauta na Corte, o julgamento ocorrer\u00e1 apenas ap\u00f3s as elei\u00e7\u00f5es municipais.<\/p>\n<h3 class=\"wp-block-heading\">O que est\u00e1 em jogo no STF<\/h3>\n<p>Um dos casos sob relatoria do ministro Dias Toffoli questiona a constitucionalidade do artigo 19 do Marco Civil da Internet, que exige ordem judicial para responsabilizar plataformas por conte\u00fados publicados por terceiros. J\u00e1 outro caso, relatado por Luiz Fux, discute a responsabilidade de provedores de aplicativos em rela\u00e7\u00e3o ao conte\u00fado gerado por usu\u00e1rios e a remo\u00e7\u00e3o de materiais que incitem \u00f3dio ou contenham desinforma\u00e7\u00e3o.<\/p>\n<p>Ainda h\u00e1 um terceiro processo, sob relatoria do ministro Edson Fachin, que trata da possibilidade de bloqueio de aplicativos como o WhatsApp por decis\u00f5es judiciais, analisando poss\u00edveis viola\u00e7\u00f5es ao direito \u00e0 liberdade de express\u00e3o e ao princ\u00edpio da proporcionalidade.<\/p>\n<h3 class=\"wp-block-heading\">Cr\u00edticas ao \u201cincentivo perverso\u201d das plataformas<\/h3>\n<p>No evento desta quarta-feira no Conselho Nacional de Justi\u00e7a (CNJ), onde o uso de Intelig\u00eancia Artificial no Judici\u00e1rio foi discutido, Barroso criticou o que chamou de \u201cincentivo perverso\u201d das plataformas de redes sociais. Ele argumentou que algoritmos priorizam conte\u00fados de desinforma\u00e7\u00e3o, discursos agressivos e teorias conspirat\u00f3rias, porque geram mais engajamento, resultando em maior lucro para as plataformas.<\/p>\n<p>\u201cInfelizmente, o engajamento \u00e9 maior quando o conte\u00fado circulante \u00e9 desinforma\u00e7\u00e3o, fala agressiva ou mentira. Isso traz mais cliques e, consequentemente, mais dinheiro\u201d, explicou Barroso. Ele destacou que a busca por regulamenta\u00e7\u00e3o das plataformas digitais ocorre globalmente para combater essa l\u00f3gica prejudicial.<\/p>\n<h3 class=\"wp-block-heading\">Desafios da IA<\/h3>\n<p>Ao falar sobre Intelig\u00eancia Artificial, Barroso destacou que a regula\u00e7\u00e3o n\u00e3o \u00e9 voltada contra as empresas desenvolvedoras, mas sim contra \u201cmaus atores\u201d que possam usar a tecnologia para disseminar desinforma\u00e7\u00e3o em larga escala. Ele alertou sobre os perigos das deep fakes, que permitem manipular v\u00eddeos e fotos de forma convincente.<\/p>\n<p>\u201cO dia que a gente n\u00e3o puder mais acreditar no que a gente v\u00ea e no que a gente ouve, a liberdade de express\u00e3o vai ter perdido o sentido e esse \u00e9 um problema, \u00e9 uma grande perda para a humanidade, para a democracia\u201d, finalizou o ministro.<\/p>\n<p><strong><a href=\"https:\/\/www.gazetadopovo.com.br\/republica\/stf-adia-julgamento-sobre-regulamentacao-de-redes-sociais-para-novembro\/\">Source link<\/a><\/strong><\/p>\n<\/div>\n<p><br \/>\n<br \/><a href=\"https:\/\/paulofigueiredoshow.com\/stf-adia-julgamento-sobre-regulamentacao-de-redes-sociais\/\">Source link <\/a><\/p>","protected":false},"excerpt":{"rendered":"<p>O presidente do STF, Lu\u00eds Roberto Barroso, decidiu adiar o julgamento de a\u00e7\u00f5es contra redes sociais para novembro O presidente do Supremo Tribunal Federal (STF), Lu\u00eds Roberto Barroso, declarou nesta&hellip;<\/p>","protected":false},"author":1,"featured_media":41780,"comment_status":"closed","ping_status":"open","sticky":false,"template":"","format":"standard","meta":{"content-type":"","footnotes":""},"categories":[16],"tags":[69,9676,4894,871,4138,1593],"class_list":["post-41779","post","type-post","status-publish","format-standard","has-post-thumbnail","hentry","category-noticias","tag-barroso","tag-regular","tag-sociais","tag-stf","tag-toffoli","tag-tse"],"_links":{"self":[{"href":"https:\/\/tvbrazilusa.com\/pt\/wp-json\/wp\/v2\/posts\/41779","targetHints":{"allow":["GET"]}}],"collection":[{"href":"https:\/\/tvbrazilusa.com\/pt\/wp-json\/wp\/v2\/posts"}],"about":[{"href":"https:\/\/tvbrazilusa.com\/pt\/wp-json\/wp\/v2\/types\/post"}],"author":[{"embeddable":true,"href":"https:\/\/tvbrazilusa.com\/pt\/wp-json\/wp\/v2\/users\/1"}],"replies":[{"embeddable":true,"href":"https:\/\/tvbrazilusa.com\/pt\/wp-json\/wp\/v2\/comments?post=41779"}],"version-history":[{"count":1,"href":"https:\/\/tvbrazilusa.com\/pt\/wp-json\/wp\/v2\/posts\/41779\/revisions"}],"predecessor-version":[{"id":41781,"href":"https:\/\/tvbrazilusa.com\/pt\/wp-json\/wp\/v2\/posts\/41779\/revisions\/41781"}],"wp:featuredmedia":[{"embeddable":true,"href":"https:\/\/tvbrazilusa.com\/pt\/wp-json\/wp\/v2\/media\/41780"}],"wp:attachment":[{"href":"https:\/\/tvbrazilusa.com\/pt\/wp-json\/wp\/v2\/media?parent=41779"}],"wp:term":[{"taxonomy":"category","embeddable":true,"href":"https:\/\/tvbrazilusa.com\/pt\/wp-json\/wp\/v2\/categories?post=41779"},{"taxonomy":"post_tag","embeddable":true,"href":"https:\/\/tvbrazilusa.com\/pt\/wp-json\/wp\/v2\/tags?post=41779"}],"curies":[{"name":"wp","href":"https:\/\/api.w.org\/{rel}","templated":true}]}}