{"id":41782,"date":"2024-09-26T00:19:25","date_gmt":"2024-09-26T00:19:25","guid":{"rendered":"https:\/\/tvbrazilusa.com\/2024\/09\/26\/substituta-de-silvio-almeida-escolhe-os-integrantes-de-sua-equipe-confira-os-nomes\/"},"modified":"2024-09-26T00:19:26","modified_gmt":"2024-09-26T00:19:26","slug":"substituta-de-silvio-almeida-escolhe-os-integrantes-de-sua-equipe-confira-os-nomes","status":"publish","type":"post","link":"https:\/\/tvbrazilusa.com\/pt\/2024\/09\/26\/substituta-de-silvio-almeida-escolhe-os-integrantes-de-sua-equipe-confira-os-nomes\/","title":{"rendered":"Substituta de Silvio Almeida escolhe os integrantes de sua equipe; confira os nomes"},"content":{"rendered":"<p> <script async src=\"https:\/\/pagead2.googlesyndication.com\/pagead\/js\/adsbygoogle.js?client=ca-pub-8864793242727901\"\r\n     crossorigin=\"anonymous\"><\/script><br \/>\n<\/p>\n<div id=\"taboola-read-more\" style=\"display:block; width:100%\">\n<p>Substituta de Silvio Almeida no Minist\u00e9rio dos Direitos Humanos, a nova ministra Maca\u00e9 Evaristo (PT) definiu ao menos dois novos nomes de sua equipe na pasta.\n<\/p>\n<p>Para a secretaria-executiva do minist\u00e9rio, Maca\u00e9 escolheu a cientista pol\u00edtica Janine Mello. Atulamente, Janine atua como secret\u00e1ria adjunta de Pol\u00edticas Sociais da Casa Civil.<\/p>\n<p>Como sua chefe de gabinete na pasta, Maca\u00e9 vai nomear a ex-vereadora mineira Lene Teixeira (PT). A petista j\u00e1 atuou como chefe de gabinete do ministro do Trabalho, Luiz Marinho.\n<\/p>\n<div class=\"m-wrapper-banner-video\">\u00a0<\/p>\n<h4>Lula deu carta branca a ministra<\/h4>\n<p>Segundo apurou a coluna, o presidente\u00a0<a href=\"https:\/\/www.metropoles.com\/tag\/lula\" target=\"_blank\" rel=\"noopener noreferrer\">Lula<\/a>\u00a0deu carta branca \u00e0 substituta de Silvio Almeida, demitido ap\u00f3s den\u00fancias de ass\u00e9dio sexual, para nomear sua nova equipe.\n<\/p>\n<p>Por ser do\u00a0<a href=\"https:\/\/www.metropoles.com\/tag\/pt\">PT<\/a>, Maca\u00e9 deve optar por nomes ligados ao partido. Ela tamb\u00e9m pretende priorizar pessoas de movimentos negros no pa\u00eds e ligadas aos direitos humanos.\n<\/p>\n<p>\u00a0<\/p>\n<p>Segundo interlocutores, Lula pediu para Maca\u00e9 \u201carrumar a casa\u201d. A transi\u00e7\u00e3o, por\u00e9m, deve ser mais lenta porque a ministra tamb\u00e9m pretende acomodar aliados derrotados nas elei\u00e7\u00f5es municipais de outubro.\n<\/p>\n<\/div>\n<div id=\"m-newsletter\">\n<div class=\"NewsletterFormularioWrapper-sc-1niyai9-0 kYBclP secondary-theme\">\n<div class=\"NewsletterFormularioWrapper__Label-sc-1niyai9-2 hJxefD\">\n<p>Um dos nomes cotados para o cargo de ouvidora da pasta \u00e9 o de Denise Pacheco, quadro do movimento negro de Minas Gerais e ex-gerente de Projetos da Secretaria Especial de Pol\u00edticas de Promo\u00e7\u00e3o da Igualdade Racial (Seppir).\n<\/p>\n<p>Segundo aliados, Maca\u00e9 tamb\u00e9m pretende convidar para sua equipe a ex-ministra Nilma Gomes, que chefiou o minist\u00e9rio das Mulheres, da Igualdade Racial, da Juventude e dos Direitos Humanos no governo Dilma.\n<\/p>\n<p>Deputada estadual pelo PT de Minas Gerais, Maca\u00e9 j\u00e1 foi nomeada ministra por Lula o dia 9 de setembro. A\u00a0<a href=\"https:\/\/www.metropoles.com\/colunas\/igor-gadelha\/planalto-marca-cerimonia-de-posse-da-substituta-de-silvio-almeida\" target=\"_blank\" rel=\"noopener noreferrer\">cerim\u00f4nia oficial de posse<\/a>\u00a0da petista, por\u00e9m, ocorrer\u00e1 nesta sexta-feira (27\/9).\n<\/p>\n<p><strong>Metr\u00f3poles\u00a0<\/strong>\n<\/p>\n<\/div>\n<\/div>\n<\/div><\/div>\n<p><br \/>\n<br \/><a href=\"https:\/\/diariodobrasilnoticias.com.br\/noticia\/substituta-de-silvio-almeida-escolhe-os-integrantes-de-sua-equipe-confira-os-nomes-66f4842c93132\">Source link <\/a><\/p>","protected":false},"excerpt":{"rendered":"<p>Substituta de Silvio Almeida no Minist\u00e9rio dos Direitos Humanos, a nova ministra Maca\u00e9 Evaristo (PT) definiu ao menos dois novos nomes de sua equipe na pasta. Para a secretaria-executiva do&hellip;<\/p>","protected":false},"author":1,"featured_media":41783,"comment_status":"closed","ping_status":"open","sticky":false,"template":"","format":"standard","meta":{"content-type":"","footnotes":""},"categories":[16],"tags":[123,2448,5313,1267],"class_list":["post-41782","post","type-post","status-publish","format-standard","has-post-thumbnail","hentry","category-noticias","tag-brasil","tag-diario","tag-noticia","tag-noticias"],"_links":{"self":[{"href":"https:\/\/tvbrazilusa.com\/pt\/wp-json\/wp\/v2\/posts\/41782","targetHints":{"allow":["GET"]}}],"collection":[{"href":"https:\/\/tvbrazilusa.com\/pt\/wp-json\/wp\/v2\/posts"}],"about":[{"href":"https:\/\/tvbrazilusa.com\/pt\/wp-json\/wp\/v2\/types\/post"}],"author":[{"embeddable":true,"href":"https:\/\/tvbrazilusa.com\/pt\/wp-json\/wp\/v2\/users\/1"}],"replies":[{"embeddable":true,"href":"https:\/\/tvbrazilusa.com\/pt\/wp-json\/wp\/v2\/comments?post=41782"}],"version-history":[{"count":1,"href":"https:\/\/tvbrazilusa.com\/pt\/wp-json\/wp\/v2\/posts\/41782\/revisions"}],"predecessor-version":[{"id":41784,"href":"https:\/\/tvbrazilusa.com\/pt\/wp-json\/wp\/v2\/posts\/41782\/revisions\/41784"}],"wp:featuredmedia":[{"embeddable":true,"href":"https:\/\/tvbrazilusa.com\/pt\/wp-json\/wp\/v2\/media\/41783"}],"wp:attachment":[{"href":"https:\/\/tvbrazilusa.com\/pt\/wp-json\/wp\/v2\/media?parent=41782"}],"wp:term":[{"taxonomy":"category","embeddable":true,"href":"https:\/\/tvbrazilusa.com\/pt\/wp-json\/wp\/v2\/categories?post=41782"},{"taxonomy":"post_tag","embeddable":true,"href":"https:\/\/tvbrazilusa.com\/pt\/wp-json\/wp\/v2\/tags?post=41782"}],"curies":[{"name":"wp","href":"https:\/\/api.w.org\/{rel}","templated":true}]}}