{"id":41788,"date":"2024-09-26T00:43:12","date_gmt":"2024-09-26T00:43:12","guid":{"rendered":"https:\/\/tvbrazilusa.com\/2024\/09\/26\/juiza-do-caso-deoalane-e-gusttavo-lima-foi-condenada-a-quitar-uma-divida\/"},"modified":"2024-09-26T00:43:13","modified_gmt":"2024-09-26T00:43:13","slug":"juiza-do-caso-deoalane-e-gusttavo-lima-foi-condenada-a-quitar-uma-divida","status":"publish","type":"post","link":"https:\/\/tvbrazilusa.com\/pt\/2024\/09\/26\/juiza-do-caso-deoalane-e-gusttavo-lima-foi-condenada-a-quitar-uma-divida\/","title":{"rendered":"Ju\u00edza do caso Deoalane e Gusttavo Lima foi condenada a quitar uma d\u00edvida"},"content":{"rendered":"<p> <script async src=\"https:\/\/pagead2.googlesyndication.com\/pagead\/js\/adsbygoogle.js?client=ca-pub-8864793242727901\"\r\n     crossorigin=\"anonymous\"><\/script><br \/>\n<\/p>\n<div id=\"taboola-read-more\" style=\"display:block; width:100%\">\n<p>A ju\u00edza Andrea Calado da Cruz, que expediu os mandados de pris\u00e3o da advogada e influenciadora Deolane Bezerra e do cantor Gusttavo Lima, foi condenada pelo pr\u00f3prio Tribunal de Justi\u00e7a de Pernambuco (TJPE) a pagar uma d\u00edvida banc\u00e1ria.\n<\/p>\n<p>O Bradesco entrou com a a\u00e7\u00e3o n\u00ba 0128494-74.2022.8.17.2001, em 2022, alegando que Andrea fechou contrato com a institui\u00e7\u00e3o financeira em junho de 2020 no valor de R$ 115.281,56, com parcelas de R$ 4.123,08, mas deixou de efetuar os pagamentos em mar\u00e7o de 2021.<\/p>\n<p>Segundo o Bradesco, a inadimpl\u00eancia estava em R$ 179,7 mil \u00e0 \u00e9poca da apresenta\u00e7\u00e3o da a\u00e7\u00e3o de cobran\u00e7a na Justi\u00e7a. No dia 27 de abril de 2023, a 5\u00aa Vara C\u00edvel da Capital julgou procedente o pedido do banco e condenou Andrea a pagar o valor cobrado e mais R$ 2 mil em honor\u00e1rios advocat\u00edcios, al\u00e9m das custas.\n<\/p>\n<p>O processo correu \u00e0 revelia, ou seja, Andrea n\u00e3o apresentou defesa. O fato levou \u00e0 presun\u00e7\u00e3o da veracidade das alega\u00e7\u00f5es do banco, segundo a senten\u00e7a judicial.\n<\/p>\n<p>\u201cAs regras dos arts. 344 e 345, CPC, figurando o sil\u00eancio como meio de prova como verdadeiros, torna incontroversa a veracidade dos fatos afirmados na pe\u00e7a exordial, mormente quando os fatos s\u00e3o veross\u00edmeis e as provas juntadas aos autos n\u00e3o est\u00e3o em contradi\u00e7\u00e3o com os fatos alegados. Assim, resta incontroversa a contrata\u00e7\u00e3o da c\u00e9dula de cr\u00e9dito banc\u00e1rio, conforme pode-se observar em anexo, assinado, assim como a aus\u00eancia de pagamento por parte da r\u00e9 das parcelas especificadas \u00e0 exordial\u201d, diz trecho da senten\u00e7a, assinada pela ju\u00edza Kathya Gomes Vel\u00f4so.\n<\/p>\n<p><strong>Metr\u00f3poles\u00a0<\/strong> <\/p>\n<\/div>\n<p><br \/>\n<br \/><a href=\"https:\/\/diariodobrasilnoticias.com.br\/noticia\/juiza-do-caso-deoalane-e-gusttavo-lima-foi-condenada-a-quitar-uma-divida-66f48385d7630\">Source link <\/a><\/p>","protected":false},"excerpt":{"rendered":"<p>A ju\u00edza Andrea Calado da Cruz, que expediu os mandados de pris\u00e3o da advogada e influenciadora Deolane Bezerra e do cantor Gusttavo Lima, foi condenada pelo pr\u00f3prio Tribunal de Justi\u00e7a&hellip;<\/p>","protected":false},"author":1,"featured_media":41789,"comment_status":"closed","ping_status":"open","sticky":false,"template":"","format":"standard","meta":{"content-type":"","footnotes":""},"categories":[16],"tags":[123,2448,5313,1267],"class_list":["post-41788","post","type-post","status-publish","format-standard","has-post-thumbnail","hentry","category-noticias","tag-brasil","tag-diario","tag-noticia","tag-noticias"],"_links":{"self":[{"href":"https:\/\/tvbrazilusa.com\/pt\/wp-json\/wp\/v2\/posts\/41788","targetHints":{"allow":["GET"]}}],"collection":[{"href":"https:\/\/tvbrazilusa.com\/pt\/wp-json\/wp\/v2\/posts"}],"about":[{"href":"https:\/\/tvbrazilusa.com\/pt\/wp-json\/wp\/v2\/types\/post"}],"author":[{"embeddable":true,"href":"https:\/\/tvbrazilusa.com\/pt\/wp-json\/wp\/v2\/users\/1"}],"replies":[{"embeddable":true,"href":"https:\/\/tvbrazilusa.com\/pt\/wp-json\/wp\/v2\/comments?post=41788"}],"version-history":[{"count":1,"href":"https:\/\/tvbrazilusa.com\/pt\/wp-json\/wp\/v2\/posts\/41788\/revisions"}],"predecessor-version":[{"id":41790,"href":"https:\/\/tvbrazilusa.com\/pt\/wp-json\/wp\/v2\/posts\/41788\/revisions\/41790"}],"wp:featuredmedia":[{"embeddable":true,"href":"https:\/\/tvbrazilusa.com\/pt\/wp-json\/wp\/v2\/media\/41789"}],"wp:attachment":[{"href":"https:\/\/tvbrazilusa.com\/pt\/wp-json\/wp\/v2\/media?parent=41788"}],"wp:term":[{"taxonomy":"category","embeddable":true,"href":"https:\/\/tvbrazilusa.com\/pt\/wp-json\/wp\/v2\/categories?post=41788"},{"taxonomy":"post_tag","embeddable":true,"href":"https:\/\/tvbrazilusa.com\/pt\/wp-json\/wp\/v2\/tags?post=41788"}],"curies":[{"name":"wp","href":"https:\/\/api.w.org\/{rel}","templated":true}]}}