{"id":41824,"date":"2024-09-26T03:12:59","date_gmt":"2024-09-26T03:12:59","guid":{"rendered":"https:\/\/tvbrazilusa.com\/2024\/09\/26\/justica-rejeita-a-medida-protetiva-solicitada-pelo-marqueteiro-de-ricardo-nunes\/"},"modified":"2024-09-26T03:13:01","modified_gmt":"2024-09-26T03:13:01","slug":"justica-rejeita-a-medida-protetiva-solicitada-pelo-marqueteiro-de-ricardo-nunes","status":"publish","type":"post","link":"https:\/\/tvbrazilusa.com\/pt\/2024\/09\/26\/justica-rejeita-a-medida-protetiva-solicitada-pelo-marqueteiro-de-ricardo-nunes\/","title":{"rendered":"Justi\u00e7a rejeita a medida protetiva solicitada pelo marqueteiro de Ricardo Nunes"},"content":{"rendered":"<p> <script async src=\"https:\/\/pagead2.googlesyndication.com\/pagead\/js\/adsbygoogle.js?client=ca-pub-8864793242727901\"\r\n     crossorigin=\"anonymous\"><\/script><br \/>\n<\/p>\n<div id=\"taboola-read-more\" style=\"display:block; width:100%\">\n<p>S\u00e3o Paulo \u2014 A Justi\u00e7a negou, nesta quarta-feira (25\/9), o pedido de medida protetiva a Duda Lima, marqueteiro da campanha de Ricardo Nunes (MDB), agredido pelo assessor de Pablo Mar\u00e7al (PRTB), Nahuel Medina, durante o debate promovido pelo Flow na \u00faltima segunda (23) entre os candidatos \u00e0 Prefeitura de S\u00e3o Paulo.\n<\/p>\n<p>Ap\u00f3s a agress\u00e3o, Lima solicitou medidas cautelares contra Medina. Depois de analisar o caso, a Pol\u00edcia Civil tamb\u00e9m pediu a aplica\u00e7\u00e3o de urg\u00eancia das medidas protetivas.<\/p>\n<p>Contudo, a Justi\u00e7a negou o pedido, argumentando que as provas atuais n\u00e3o justificam as medidas, pois n\u00e3o h\u00e1 risco comprovado de fuga ou novas agress\u00f5es, nem necessidade de proteger o processo criminal.\n<\/p>\n<p>Na decis\u00e3o, por\u00e9m, a ju\u00edza T\u00e2nia Magalh\u00e3es Avelar Moreira da Silveira, do Tribunal de Justi\u00e7a de S\u00e3o Paulo (TJSP), chamou aten\u00e7\u00e3o para o clima violento na campanha eleitoral em S\u00e3o Paulo.\n<\/p>\n<p>\u201cDe fato, dessume-se, ao longo da campanha eleitoral para a Prefeitura do Munic\u00edpio de S\u00e3o Paulo, neste ano de 2024, a intensifica\u00e7\u00e3o da pr\u00e1tica de atos agressivos, extrapolando, em algumas ocasi\u00f5es, a ocorr\u00eancia de ofensas meramente verbais para a pr\u00e1tica injustific\u00e1vel e inaceit\u00e1vel de agress\u00f5es f\u00edsicas\u201d, afirmou.\n<\/p>\n<p>\u00a0<\/p>\n<\/p><\/div>\n<p><br \/>\n<br \/><a href=\"https:\/\/diariodobrasilnoticias.com.br\/noticia\/justica-rejeita-a-medida-protetiva-solicitada-pelo-marqueteiro-de-ricardo-nunes-66f496246013f\">Source link <\/a><\/p>","protected":false},"excerpt":{"rendered":"<p>S\u00e3o Paulo \u2014 A Justi\u00e7a negou, nesta quarta-feira (25\/9), o pedido de medida protetiva a Duda Lima, marqueteiro da campanha de Ricardo Nunes (MDB), agredido pelo assessor de Pablo Mar\u00e7al&hellip;<\/p>","protected":false},"author":1,"featured_media":41825,"comment_status":"closed","ping_status":"open","sticky":false,"template":"","format":"standard","meta":{"content-type":"","footnotes":""},"categories":[16],"tags":[123,2448,5313,1267],"class_list":["post-41824","post","type-post","status-publish","format-standard","has-post-thumbnail","hentry","category-noticias","tag-brasil","tag-diario","tag-noticia","tag-noticias"],"_links":{"self":[{"href":"https:\/\/tvbrazilusa.com\/pt\/wp-json\/wp\/v2\/posts\/41824","targetHints":{"allow":["GET"]}}],"collection":[{"href":"https:\/\/tvbrazilusa.com\/pt\/wp-json\/wp\/v2\/posts"}],"about":[{"href":"https:\/\/tvbrazilusa.com\/pt\/wp-json\/wp\/v2\/types\/post"}],"author":[{"embeddable":true,"href":"https:\/\/tvbrazilusa.com\/pt\/wp-json\/wp\/v2\/users\/1"}],"replies":[{"embeddable":true,"href":"https:\/\/tvbrazilusa.com\/pt\/wp-json\/wp\/v2\/comments?post=41824"}],"version-history":[{"count":1,"href":"https:\/\/tvbrazilusa.com\/pt\/wp-json\/wp\/v2\/posts\/41824\/revisions"}],"predecessor-version":[{"id":41826,"href":"https:\/\/tvbrazilusa.com\/pt\/wp-json\/wp\/v2\/posts\/41824\/revisions\/41826"}],"wp:featuredmedia":[{"embeddable":true,"href":"https:\/\/tvbrazilusa.com\/pt\/wp-json\/wp\/v2\/media\/41825"}],"wp:attachment":[{"href":"https:\/\/tvbrazilusa.com\/pt\/wp-json\/wp\/v2\/media?parent=41824"}],"wp:term":[{"taxonomy":"category","embeddable":true,"href":"https:\/\/tvbrazilusa.com\/pt\/wp-json\/wp\/v2\/categories?post=41824"},{"taxonomy":"post_tag","embeddable":true,"href":"https:\/\/tvbrazilusa.com\/pt\/wp-json\/wp\/v2\/tags?post=41824"}],"curies":[{"name":"wp","href":"https:\/\/api.w.org\/{rel}","templated":true}]}}