{"id":41835,"date":"2024-09-25T23:30:46","date_gmt":"2024-09-25T23:30:46","guid":{"rendered":"https:\/\/tvbrazilusa.com\/2024\/09\/25\/pgr-reforca-denuncia-contra-moro-por-fala-sobre-gilmar-mendes-paulo-figueiredo\/"},"modified":"2024-09-26T03:54:23","modified_gmt":"2024-09-26T03:54:23","slug":"pgr-reforca-denuncia-contra-moro-por-fala-sobre-gilmar-mendes-paulo-figueiredo","status":"publish","type":"post","link":"https:\/\/tvbrazilusa.com\/pt\/2024\/09\/25\/pgr-reforca-denuncia-contra-moro-por-fala-sobre-gilmar-mendes-paulo-figueiredo\/","title":{"rendered":"PGR refor\u00e7a den\u00fancia contra Moro por fala sobre Gilmar Mendes &#8211; Paulo Figueiredo"},"content":{"rendered":"<p> <script async src=\"https:\/\/pagead2.googlesyndication.com\/pagead\/js\/adsbygoogle.js?client=ca-pub-8864793242727901\"\r\n     crossorigin=\"anonymous\"><\/script><br \/>\n<\/p>\n<div id=\"wtr-content\" data-bg=\"#FFFFFF\" data-fg=\"#006d91\" data-width=\"25\" data-mute=\"1\" data-fgopacity=\"1.00\" data-mutedopacity=\"0.5\" data-placement=\"bottom\" data-placement-offset=\"0\" data-content-offset=\"262\" data-placement-touch=\"bottom\" data-placement-offset-touch=\"0\" data-transparent=\"\" data-shadow=\"0\" data-touch=\"1\" data-non-touch=\"1\" data-comments=\"0\" data-commentsbg=\"transparent\" data-location=\"page\" data-mutedfg=\"#006d91\" data-endfg=\"#006d91\" data-rtl=\"\">\n<h3 class=\"wp-block-heading\">Em documento enviado \u00e0 ministra C\u00e1rmen L\u00facia, a PGR defende a rejei\u00e7\u00e3o do recurso de Sergio Moro no caso sobre Gilmar Mendes<\/h3>\n<p>A\u00a0<strong>Procuradoria-Geral da Rep\u00fablica (PGR)<\/strong>\u00a0refor\u00e7ou a den\u00fancia que tornou o senador\u00a0<strong>Sergio Moro<\/strong>\u00a0(Uni\u00e3o Brasil-PR) r\u00e9u no Supremo Tribunal Federal (STF) por supostamente caluniar o ministro\u00a0<strong>Gilmar Mendes<\/strong>. Em documento enviado \u00e0 ministra C\u00e1rmen L\u00facia, o procurador Paulo Gonet opina contra um recurso de Moro para derrubar o caso.<\/p>\n<p>O documento, protocolado anteontem, orienta para que seja negado o recurso do ex-juiz da Lava Jato, apresentado no \u00faltimo dia 11. Na apela\u00e7\u00e3o, Moro e seus advogados questionam a aus\u00eancia de provas de que ele atuou na produ\u00e7\u00e3o do v\u00eddeo que embasa a acusa\u00e7\u00e3o de cal\u00fania contra Gilmar Mendes.<\/p>\n<p>No v\u00eddeo, Moro aparece ao falar a apoiadores sobre \u201ccomprar um\u00a0<em>habeas corpus<\/em>\u00a0do Gilmar\u201d, o que a PGR entendeu como uma acusa\u00e7\u00e3o de corrup\u00e7\u00e3o passiva ao ministro. A den\u00fancia foi feita em abril e recebida um ano depois.<\/p>\n<p>Para a PGR, apesar da alega\u00e7\u00e3o sobre a falta de provas, Moro deve continuar sendo processado.<\/p>\n<blockquote class=\"wp-block-quote is-layout-flow wp-block-quote-is-layout-flow\">\n<p>\u201cA den\u00fancia oferecida est\u00e1 lastreada em elementos de informa\u00e7\u00e3o suficientes para demonstrar a pr\u00e1tica do fato delituoso, permitindo ao r\u00e9u conhecer a conduta il\u00edcita a ele imputada, de modo a garantir o livre exerc\u00edcio do contradit\u00f3rio e da ampla defesa\u201d, alega Gonet.<\/p>\n<\/blockquote>\n<h3 class=\"wp-block-heading\">Aceite da den\u00fancia n\u00e3o depende de provas, argumenta PGR<\/h3>\n<p>Ainda de acordo com a manifesta\u00e7\u00e3o da PGR, a tramita\u00e7\u00e3o n\u00e3o deve ser interrompida, pois o aceite da den\u00fancia n\u00e3o depende necessariamente da exist\u00eancia de provas aprofundadas. O embasamento foi o pr\u00f3prio entendimento de C\u00e1rmen L\u00facia, que \u00e9 relatora no caso.<\/p>\n<blockquote class=\"wp-block-quote is-layout-flow wp-block-quote-is-layout-flow\">\n<p>\u201cComo bem elucidado pela Ministra relatora no voto condutor do ac\u00f3rd\u00e3o embargado, no atual est\u00e1gio da persecu\u00e7\u00e3o penal \u2018<em>o ju\u00edzo de recebimento da den\u00fancia de cogni\u00e7\u00e3o sum\u00e1ria, independe de aprofundamentos sobre o acervo probat\u00f3rio, bastando haver materialidade da conduta e ind\u00edcios de autoria<\/em>\u2018.\u201d<\/p>\n<\/blockquote>\n<p>A chance de reverter o aceite da den\u00fancia j\u00e1 era baixa para Moro, mesmo antes do parecer da PGR. Isso porque a decis\u00e3o de acolh\u00ea-la, em junho passado, foi un\u00e2nime entre os ministros da 1\u00aa Turma.<\/p>\n<p>Depois da veicula\u00e7\u00e3o do v\u00eddeo nas redes sociais, Moro se desculpou publicamente com o ministro, mas negou que tivesse cometido crime contra a honra dele.<\/p>\n<h3 class=\"wp-block-heading\">A fala de Moro sobre Gilmar Mendes<\/h3>\n<p>Em um v\u00eddeo que repercutiu em abril de 2023, o ex-juiz da Lava Jato faz uma piada sobre o ministro, insinuando que o decano venderia decis\u00f5es judiciais. \u201cN\u00e3o, isso \u00e9 fian\u00e7a, instituto\u2026 pra comprar um\u00a0<em>habeas corpus<\/em>\u00a0do Gilmar Mendes\u201d, disse Moro.<\/p>\n<p>O v\u00eddeo foi gravado antes de Moro se tornar senador, mas o STF entendeu que, pelo fato de a grava\u00e7\u00e3o ter vindo a p\u00fablico durante o exerc\u00edcio do mandato, a Corte teria compet\u00eancia para julgar o caso.<\/p>\n<p>Em junho, a 1\u00aa Turma do STF recebeu a den\u00fancia da PGR contra Moro, al\u00e9m de concluir que existiam elementos suficientes para a instaura\u00e7\u00e3o da a\u00e7\u00e3o penal. O julgamento do m\u00e9rito s\u00f3 acontecer\u00e1 depois da chamada fase de instru\u00e7\u00e3o do processo \u2014 quando s\u00e3o ouvidas testemunhas e produzidas provas complementares.<\/p>\n<p>A defesa do senador argumenta que n\u00e3o h\u00e1 provas do envolvimento de Moro na divulga\u00e7\u00e3o do v\u00eddeo e, no dia 11, entrou com o recurso para tentar reverter a decis\u00e3o.<\/p>\n<p>\u201cRequer-se, respeitosamente, seja esclarecida a omiss\u00e3o acerca da exist\u00eancia de alguma prova, ainda que indici\u00e1ria, na pe\u00e7a acusat\u00f3ria de que o senador Sergio Moro foi o respons\u00e1vel ou teve qualquer envolvimento na divulga\u00e7\u00e3o do v\u00eddeo em 14 de mar\u00e7o de 2023, ou mesmo que teve ci\u00eancia pr\u00e9via dele\u201d, diz a peti\u00e7\u00e3o.<\/p>\n<p>O mesmo argumento j\u00e1 havia sido usado pela defesa na tribuna do STF. Na ocasi\u00e3o, a defesa de Moro classificou a fala como \u201cinfeliz\u201d e dita \u201cem um ambiente jocoso\u201d, al\u00e9m de afirmar que o senador tem \u201cimenso respeito\u201d pelo decano e que n\u00e3o o acusou de vender senten\u00e7as.<\/p>\n<p><strong><a href=\"https:\/\/revistaoeste.com\/politica\/pgr-reforca-denuncia-contra-moro-por-fala-sobre-gilmar-mendes\/\">Source link<\/a><\/strong><\/p>\n<\/div>\n<p><br \/>\n<br \/><a href=\"https:\/\/paulofigueiredoshow.com\/pgr-reforca-denuncia-contra-moro-por-fala-sobre-gilmar-mendes\/\">Source link <\/a><\/p>","protected":false},"excerpt":{"rendered":"<p>Em documento enviado \u00e0 ministra C\u00e1rmen L\u00facia, a PGR defende a rejei\u00e7\u00e3o do recurso de Sergio Moro no caso sobre Gilmar Mendes A\u00a0Procuradoria-Geral da Rep\u00fablica (PGR)\u00a0refor\u00e7ou a den\u00fancia que tornou&hellip;<\/p>","protected":false},"author":1,"featured_media":41836,"comment_status":"closed","ping_status":"open","sticky":false,"template":"","format":"standard","meta":{"content-type":"","footnotes":""},"categories":[16],"tags":[316,22654,2035,3702,5957,19167,871],"class_list":["post-41835","post","type-post","status-publish","format-standard","has-post-thumbnail","hentry","category-noticias","tag-acusacao","tag-argumento","tag-denuncia","tag-gilmar","tag-gonet","tag-moro","tag-stf"],"_links":{"self":[{"href":"https:\/\/tvbrazilusa.com\/pt\/wp-json\/wp\/v2\/posts\/41835","targetHints":{"allow":["GET"]}}],"collection":[{"href":"https:\/\/tvbrazilusa.com\/pt\/wp-json\/wp\/v2\/posts"}],"about":[{"href":"https:\/\/tvbrazilusa.com\/pt\/wp-json\/wp\/v2\/types\/post"}],"author":[{"embeddable":true,"href":"https:\/\/tvbrazilusa.com\/pt\/wp-json\/wp\/v2\/users\/1"}],"replies":[{"embeddable":true,"href":"https:\/\/tvbrazilusa.com\/pt\/wp-json\/wp\/v2\/comments?post=41835"}],"version-history":[{"count":1,"href":"https:\/\/tvbrazilusa.com\/pt\/wp-json\/wp\/v2\/posts\/41835\/revisions"}],"predecessor-version":[{"id":41837,"href":"https:\/\/tvbrazilusa.com\/pt\/wp-json\/wp\/v2\/posts\/41835\/revisions\/41837"}],"wp:featuredmedia":[{"embeddable":true,"href":"https:\/\/tvbrazilusa.com\/pt\/wp-json\/wp\/v2\/media\/41836"}],"wp:attachment":[{"href":"https:\/\/tvbrazilusa.com\/pt\/wp-json\/wp\/v2\/media?parent=41835"}],"wp:term":[{"taxonomy":"category","embeddable":true,"href":"https:\/\/tvbrazilusa.com\/pt\/wp-json\/wp\/v2\/categories?post=41835"},{"taxonomy":"post_tag","embeddable":true,"href":"https:\/\/tvbrazilusa.com\/pt\/wp-json\/wp\/v2\/tags?post=41835"}],"curies":[{"name":"wp","href":"https:\/\/api.w.org\/{rel}","templated":true}]}}