{"id":41847,"date":"2024-09-26T04:43:46","date_gmt":"2024-09-26T04:43:46","guid":{"rendered":"https:\/\/tvbrazilusa.com\/2024\/09\/26\/russia-rebate-zelensky-e-afirma-que-forca-la-a-paz-seria-erro-fatal\/"},"modified":"2024-09-26T04:43:47","modified_gmt":"2024-09-26T04:43:47","slug":"russia-rebate-zelensky-e-afirma-que-forca-la-a-paz-seria-erro-fatal","status":"publish","type":"post","link":"https:\/\/tvbrazilusa.com\/pt\/2024\/09\/26\/russia-rebate-zelensky-e-afirma-que-forca-la-a-paz-seria-erro-fatal\/","title":{"rendered":"R\u00fassia rebate Zelensky e afirma que \u201cfor\u00e7\u00e1-la \u00e0 paz\u201d seria erro fatal"},"content":{"rendered":"<p> <script async src=\"https:\/\/pagead2.googlesyndication.com\/pagead\/js\/adsbygoogle.js?client=ca-pub-8864793242727901\"\r\n     crossorigin=\"anonymous\"><\/script><br \/>\n<\/p>\n<div id=\"taboola-read-more\" style=\"display:block; width:100%\">\n<p>A declara\u00e7\u00e3o do porta-voz do Kremlin, Dmitry Peskov, foi uma resposta ao presidente da Ucr\u00e2nia, Volodymyr Zelensky, que disse na ter\u00e7a-feira (24) na ONU que \u00e9 \u201cinsanidade\u201d buscar negocia\u00e7\u00f5es como as que China e Brasil prop\u00f5em para um cessar-fogo na guerra no leste europeu.\n<\/p>\n<p>\u201cA R\u00fassia s\u00f3 pode ser for\u00e7ada \u00e0 paz, e \u00e9 exatamente isso que \u00e9 necess\u00e1rio \u2014 for\u00e7ar a R\u00fassia \u00e0 paz\u201d, disse Zelensky.<\/p>\n<p>Em agosto, as for\u00e7as ucranianas iniciaram uma ofensiva no sudoeste da R\u00fassia e t\u00eam intensificado os ataques com drones nas regi\u00f5es de fronteira e em Moscou.\n<\/p>\n<p>Nesta quarta-feira, Peskov disse a rep\u00f3rteres que \u201ctal posi\u00e7\u00e3o [de Zelensky] \u00e9 um erro fatal, um erro sist\u00eamico\u201d.\n<\/p>\n<p>\u201c\u00c9 um profundo equ\u00edvoco que inevitavelmente ter\u00e1 consequ\u00eancias para o regime de Kiev. A R\u00fassia \u00e9 a favor da paz, mas com as condi\u00e7\u00f5es de que sua estabilidade seja garantida e os objetivos da opera\u00e7\u00e3o militar especial [termo que a ditadura de Vladimir Putin usa para se referir \u00e0 invas\u00e3o] sejam cumpridos\u201d, disse o porta-voz, segundo informa\u00e7\u00f5es do The Moscow Times.\n<\/p>\n<p>\u201cSem atingir essas metas, \u00e9 imposs\u00edvel coagir a R\u00fassia\u201d, acrescentou, reafirmando uma declara\u00e7\u00e3o que havia feito na v\u00e9spera.\n<\/p>\n<p>Putin imp\u00f4s como exig\u00eancias para a paz com a Ucr\u00e2nia que Kiev aceite conceder mais territ\u00f3rio al\u00e9m do ocupado (ou seja, abrir m\u00e3o da \u00e1rea integral de todas as quatro regi\u00f5es invadidas pelas tropas russas, que n\u00e3o as controlam totalmente) e que os ucranianos desistam de aderir \u00e0 OTAN. J\u00e1 a Ucr\u00e2nia condiciona iniciar conversas \u00e0 sa\u00edda das tropas russas do pa\u00eds.\n<\/p>\n<p><strong>Gazeta do Povo\u00a0<\/strong> <\/p>\n<\/div>\n<p><br \/>\n<br \/><a href=\"https:\/\/diariodobrasilnoticias.com.br\/noticia\/russia-rebate-zelensky-e-afirma-que-forca-la-a-paz-seria-erro-fatal-66f4996f100f4\">Source link <\/a><\/p>","protected":false},"excerpt":{"rendered":"<p>A declara\u00e7\u00e3o do porta-voz do Kremlin, Dmitry Peskov, foi uma resposta ao presidente da Ucr\u00e2nia, Volodymyr Zelensky, que disse na ter\u00e7a-feira (24) na ONU que \u00e9 \u201cinsanidade\u201d buscar negocia\u00e7\u00f5es como&hellip;<\/p>","protected":false},"author":1,"featured_media":41848,"comment_status":"closed","ping_status":"open","sticky":false,"template":"","format":"standard","meta":{"content-type":"","footnotes":""},"categories":[16],"tags":[123,2448,5313,1267],"class_list":["post-41847","post","type-post","status-publish","format-standard","has-post-thumbnail","hentry","category-noticias","tag-brasil","tag-diario","tag-noticia","tag-noticias"],"_links":{"self":[{"href":"https:\/\/tvbrazilusa.com\/pt\/wp-json\/wp\/v2\/posts\/41847","targetHints":{"allow":["GET"]}}],"collection":[{"href":"https:\/\/tvbrazilusa.com\/pt\/wp-json\/wp\/v2\/posts"}],"about":[{"href":"https:\/\/tvbrazilusa.com\/pt\/wp-json\/wp\/v2\/types\/post"}],"author":[{"embeddable":true,"href":"https:\/\/tvbrazilusa.com\/pt\/wp-json\/wp\/v2\/users\/1"}],"replies":[{"embeddable":true,"href":"https:\/\/tvbrazilusa.com\/pt\/wp-json\/wp\/v2\/comments?post=41847"}],"version-history":[{"count":1,"href":"https:\/\/tvbrazilusa.com\/pt\/wp-json\/wp\/v2\/posts\/41847\/revisions"}],"predecessor-version":[{"id":41849,"href":"https:\/\/tvbrazilusa.com\/pt\/wp-json\/wp\/v2\/posts\/41847\/revisions\/41849"}],"wp:featuredmedia":[{"embeddable":true,"href":"https:\/\/tvbrazilusa.com\/pt\/wp-json\/wp\/v2\/media\/41848"}],"wp:attachment":[{"href":"https:\/\/tvbrazilusa.com\/pt\/wp-json\/wp\/v2\/media?parent=41847"}],"wp:term":[{"taxonomy":"category","embeddable":true,"href":"https:\/\/tvbrazilusa.com\/pt\/wp-json\/wp\/v2\/categories?post=41847"},{"taxonomy":"post_tag","embeddable":true,"href":"https:\/\/tvbrazilusa.com\/pt\/wp-json\/wp\/v2\/tags?post=41847"}],"curies":[{"name":"wp","href":"https:\/\/api.w.org\/{rel}","templated":true}]}}