{"id":41850,"date":"2024-09-26T04:56:41","date_gmt":"2024-09-26T04:56:41","guid":{"rendered":"https:\/\/tvbrazilusa.com\/2024\/09\/26\/corajosa-idosa-proprietaria-de-um-comercio-e-atacada-por-um-grupo-de-homens-saca-uma-arma-em-legitima-defesa-e-dispara-veja-video\/"},"modified":"2024-09-26T04:56:41","modified_gmt":"2024-09-26T04:56:41","slug":"corajosa-idosa-proprietaria-de-um-comercio-e-atacada-por-um-grupo-de-homens-saca-uma-arma-em-legitima-defesa-e-dispara-veja-video","status":"publish","type":"post","link":"https:\/\/tvbrazilusa.com\/pt\/2024\/09\/26\/corajosa-idosa-proprietaria-de-um-comercio-e-atacada-por-um-grupo-de-homens-saca-uma-arma-em-legitima-defesa-e-dispara-veja-video\/","title":{"rendered":"Corajosa: idosa propriet\u00e1ria de um com\u00e9rcio \u00e9 atacada por um grupo de homens, saca uma arma em leg\u00edtima defesa e dispara; Veja v\u00eddeo"},"content":{"rendered":"<p> <script async src=\"https:\/\/pagead2.googlesyndication.com\/pagead\/js\/adsbygoogle.js?client=ca-pub-8864793242727901\"\r\n     crossorigin=\"anonymous\"><\/script><br \/>\n<\/p>\n<div data-block-type=\"unstyled\" data-block-weight=\"59\" data-block-id=\"9\">\n<p class=\"content-text__container\" data-track-category=\"Link no Texto\" data-track-links=\"\" data-mrf-recirculation=\"Article links\">A idosa foi detida e levada \u00e0 Central Geral de Flagrantes.\u00a0<span class=\"highlight highlighted\">Embora a Pol\u00edcia Civil tenha reconhecido que os disparos foram realizados em leg\u00edtima defesa<\/span>, considerando que a idosa tentava dispersar um grupo envolvido em uma briga,\u00a0<span class=\"highlight highlighted\">ela foi autuada por porte ilegal de arma de fogo<\/span>, j\u00e1 que o rev\u00f3lver n\u00e3o estava registrado. Ela foi solta mediante fian\u00e7a.\n<\/p>\n<p class=\"content-text__container\" data-track-category=\"Link no Texto\" data-track-links=\"\" data-mrf-recirculation=\"Article links\">\u00a0\n<\/p>\n<\/div>\n<p><br \/>\n<br \/><a href=\"https:\/\/diariodobrasilnoticias.com.br\/noticia\/corajosa-idosa-proprietaria-de-um-comercio-e-atacada-por-um-grupo-de-homens-saca-uma-arma-em-legitima-defesa-e-dispara-veja-video-66f49bc13bda4\">Source link <\/a><\/p>","protected":false},"excerpt":{"rendered":"<p>A idosa foi detida e levada \u00e0 Central Geral de Flagrantes.\u00a0Embora a Pol\u00edcia Civil tenha reconhecido que os disparos foram realizados em leg\u00edtima defesa, considerando que a idosa tentava dispersar&hellip;<\/p>","protected":false},"author":1,"featured_media":41851,"comment_status":"closed","ping_status":"open","sticky":false,"template":"","format":"standard","meta":{"content-type":"","footnotes":""},"categories":[16],"tags":[123,2448,5313,1267],"class_list":["post-41850","post","type-post","status-publish","format-standard","has-post-thumbnail","hentry","category-noticias","tag-brasil","tag-diario","tag-noticia","tag-noticias"],"_links":{"self":[{"href":"https:\/\/tvbrazilusa.com\/pt\/wp-json\/wp\/v2\/posts\/41850","targetHints":{"allow":["GET"]}}],"collection":[{"href":"https:\/\/tvbrazilusa.com\/pt\/wp-json\/wp\/v2\/posts"}],"about":[{"href":"https:\/\/tvbrazilusa.com\/pt\/wp-json\/wp\/v2\/types\/post"}],"author":[{"embeddable":true,"href":"https:\/\/tvbrazilusa.com\/pt\/wp-json\/wp\/v2\/users\/1"}],"replies":[{"embeddable":true,"href":"https:\/\/tvbrazilusa.com\/pt\/wp-json\/wp\/v2\/comments?post=41850"}],"version-history":[{"count":1,"href":"https:\/\/tvbrazilusa.com\/pt\/wp-json\/wp\/v2\/posts\/41850\/revisions"}],"predecessor-version":[{"id":41852,"href":"https:\/\/tvbrazilusa.com\/pt\/wp-json\/wp\/v2\/posts\/41850\/revisions\/41852"}],"wp:featuredmedia":[{"embeddable":true,"href":"https:\/\/tvbrazilusa.com\/pt\/wp-json\/wp\/v2\/media\/41851"}],"wp:attachment":[{"href":"https:\/\/tvbrazilusa.com\/pt\/wp-json\/wp\/v2\/media?parent=41850"}],"wp:term":[{"taxonomy":"category","embeddable":true,"href":"https:\/\/tvbrazilusa.com\/pt\/wp-json\/wp\/v2\/categories?post=41850"},{"taxonomy":"post_tag","embeddable":true,"href":"https:\/\/tvbrazilusa.com\/pt\/wp-json\/wp\/v2\/tags?post=41850"}],"curies":[{"name":"wp","href":"https:\/\/api.w.org\/{rel}","templated":true}]}}