{"id":41856,"date":"2024-09-26T05:29:44","date_gmt":"2024-09-26T05:29:44","guid":{"rendered":"https:\/\/tvbrazilusa.com\/2024\/09\/26\/impressionante-ramagem-vai-a-32-de-intencao-de-voto-no-rio-e-preocupacao-da-equipe-de-paes-e-com-a-possibilidade-de-segundo-turno\/"},"modified":"2024-09-26T05:29:45","modified_gmt":"2024-09-26T05:29:45","slug":"impressionante-ramagem-vai-a-32-de-intencao-de-voto-no-rio-e-preocupacao-da-equipe-de-paes-e-com-a-possibilidade-de-segundo-turno","status":"publish","type":"post","link":"https:\/\/tvbrazilusa.com\/pt\/2024\/09\/26\/impressionante-ramagem-vai-a-32-de-intencao-de-voto-no-rio-e-preocupacao-da-equipe-de-paes-e-com-a-possibilidade-de-segundo-turno\/","title":{"rendered":"Impressionante: Ramagem vai a 32% de inten\u00e7\u00e3o de voto no Rio e preocupa\u00e7\u00e3o da equipe de P\u00e3es \u00e9 com a possibilidade de segundo turno"},"content":{"rendered":"<p> <script async src=\"https:\/\/pagead2.googlesyndication.com\/pagead\/js\/adsbygoogle.js?client=ca-pub-8864793242727901\"\r\n     crossorigin=\"anonymous\"><\/script><br \/>\n<\/p>\n<div id=\"taboola-read-more\" style=\"display:block; width:100%\">\n<p>O atual prefeito do Rio de Janeiro, Eduardo Paes (PSD), tem 48,6% das inten\u00e7\u00f5es de voto e lidera a disputa por um segundo mandato, segundo pesquisa AtlasIntel divulgada nesta segunda-feira, 23. O deputado federal Alexandre Ramagem (PL) aparece na segunda posi\u00e7\u00e3o com 32%.\n<\/p>\n<p>Na terceira posi\u00e7\u00e3o, o deputado federal Tarc\u00edsio Motta (PSOL) tem 8,9%, seguido por Carol Sponza (NOVO), com 3,4%. Os demais candidatos somaram menos de 1% das inten\u00e7\u00f5es de voto. Os indecisos s\u00e3o 2,7% e quem afirma que vai votar branco ou nulo \u00e9 2,5%.<\/p>\n<p>Na compara\u00e7\u00e3o com a pesquisa anterior, divulgada em agosto pelo instituto, Paes cresceu tr\u00eas pontos percentuais, passando de 45,8% para 48,6%. Ramagem manteve o mesmo percentual do m\u00eas passado, enquanto Tarc\u00edsio Motta perdeu quatro pontos em rela\u00e7\u00e3o aos 12,9% que tinha.\n<\/p>\n<h2 class=\"m-0 p-0 lg:text-pretty headline-small text-colors-text dark:text-colors-background py-3\">Inten\u00e7\u00f5es de voto:<\/h2>\n<ul class=\"m-0 p-0 lg:text-pretty body-extra-large text-colors-text dark:text-colors-background overflow-hidden py-3 lg:py-4\">\n<li>Eduardo Paes (PSD): 48,6%<\/li>\n<li>Alexandre Ramagem (PL): 32%<\/li>\n<li>Tarc\u00edsio Motta (PSOL): 8,9%<\/li>\n<li>Carol Sponza (NOVO): 3,4%<\/li>\n<li>Marcelo Queiroz (PP): 0,9%<\/li>\n<li>Rodrigo Amorim (Uni\u00e3o): 0,6%<\/li>\n<li>Juliete Pantoja (UP): 0,5%<\/li>\n<li>Cyro Garcia (PSTU): 0,1%<\/li>\n<li>Henrique Simonard (PCO): 0,1%<\/li>\n<li>N\u00e3o sei: 2,7%<\/li>\n<li>Voto branco\/nulo: 2,5%<\/li>\n<\/ul>\n<p class=\"m-0 p-0 lg:text-pretty body-extra-large text-colors-text dark:text-colors-background overflow-hidden py-3 lg:py-4\"><em>(*) Por causa de arredondamentos, o cen\u00e1rio soma 100,3%, e n\u00e3o 100%.<\/em>\n<\/p>\n<h2 class=\"m-0 p-0 lg:text-pretty headline-small text-colors-text dark:text-colors-background py-3\">Segundo turno<\/h2>\n<p class=\"m-0 p-0 lg:text-pretty body-extra-large text-colors-text dark:text-colors-background overflow-hidden py-3 lg:py-4\">O<a class=\"exm-hyperlink\" href=\"https:\/\/12ft.io\/proxy?q=https%3A%2F%2Fwww.atlasintel.org%2F\" target=\"_parent\" rel=\"noopener\">\u00a0instituto<\/a>\u00a0simulou dois cen\u00e1rios de segundo turno com o nome de Eduardo Paes. No primeiro, contra Ramagem, o atual prefeito seria reeleito com 58% das inten\u00e7\u00f5es de voto contra 36% do oponente do PL.\n<\/p>\n<p class=\"m-0 p-0 lg:text-pretty body-extra-large text-colors-text dark:text-colors-background overflow-hidden py-3 lg:py-4\">No embate contra Tarc\u00edsio, Paes tamb\u00e9m vence por 55% a 16%. Nesse cen\u00e1rio, outros 26% anulariam o voto.\n<\/p>\n<ul class=\"m-0 p-0 lg:text-pretty body-extra-large text-colors-text dark:text-colors-background overflow-hidden py-3 lg:py-4\">\n<li><strong>Eduardo Paes:<\/strong>\u00a058% |\u00a0<strong>Alexandre Ramagem:\u00a0<\/strong>36%<strong>\u00a0| N\u00e3o sei:\u00a0<\/strong>3%<strong>\u00a0| Branco e nulo:\u00a0<\/strong>4%<\/li>\n<li><strong>Eduardo Paes:\u00a0<\/strong>55%<strong>\u00a0| Tarc\u00edsio Motta:\u00a0<\/strong>16%\u00a0<strong>| N\u00e3o sei:\u00a0<\/strong>3%<strong>\u00a0| Branco e nulo:\u00a0<\/strong>26%<\/li>\n<\/ul>\n<p class=\"m-0 p-0 lg:text-pretty body-extra-large text-colors-text dark:text-colors-background overflow-hidden py-3 lg:py-4\">A pesquisa foi registrada no TSE como RJ-03345\/2024 e realizou 1610 entrevistas entre os dias 17 a 22 de setembro, por meio de Recrutamento Digital Aleat\u00f3rio (Atlas RDR). A margem de erro \u00e9 de 2 pontos percentuais para um n\u00edvel de confian\u00e7a de 95%.\n<\/p>\n<p class=\"m-0 p-0 lg:text-pretty body-extra-large text-colors-text dark:text-colors-background overflow-hidden py-3 lg:py-4\"><strong>EXAME\u00a0<\/strong> <\/p>\n<\/div>\n<p><br \/>\n<br \/><a href=\"https:\/\/diariodobrasilnoticias.com.br\/noticia\/impressionante-ramagem-vai-a-32-de-intencao-de-voto-no-rio-e-preocupacao-da-equipe-de-paes-e-com-a-possibilidade-de-segundo-turno-66f482048332e\">Source link <\/a><\/p>","protected":false},"excerpt":{"rendered":"<p>O atual prefeito do Rio de Janeiro, Eduardo Paes (PSD), tem 48,6% das inten\u00e7\u00f5es de voto e lidera a disputa por um segundo mandato, segundo pesquisa AtlasIntel divulgada nesta segunda-feira,&hellip;<\/p>","protected":false},"author":1,"featured_media":41857,"comment_status":"closed","ping_status":"open","sticky":false,"template":"","format":"standard","meta":{"content-type":"","footnotes":""},"categories":[16],"tags":[123,2448,5313,1267],"class_list":["post-41856","post","type-post","status-publish","format-standard","has-post-thumbnail","hentry","category-noticias","tag-brasil","tag-diario","tag-noticia","tag-noticias"],"_links":{"self":[{"href":"https:\/\/tvbrazilusa.com\/pt\/wp-json\/wp\/v2\/posts\/41856","targetHints":{"allow":["GET"]}}],"collection":[{"href":"https:\/\/tvbrazilusa.com\/pt\/wp-json\/wp\/v2\/posts"}],"about":[{"href":"https:\/\/tvbrazilusa.com\/pt\/wp-json\/wp\/v2\/types\/post"}],"author":[{"embeddable":true,"href":"https:\/\/tvbrazilusa.com\/pt\/wp-json\/wp\/v2\/users\/1"}],"replies":[{"embeddable":true,"href":"https:\/\/tvbrazilusa.com\/pt\/wp-json\/wp\/v2\/comments?post=41856"}],"version-history":[{"count":1,"href":"https:\/\/tvbrazilusa.com\/pt\/wp-json\/wp\/v2\/posts\/41856\/revisions"}],"predecessor-version":[{"id":41858,"href":"https:\/\/tvbrazilusa.com\/pt\/wp-json\/wp\/v2\/posts\/41856\/revisions\/41858"}],"wp:featuredmedia":[{"embeddable":true,"href":"https:\/\/tvbrazilusa.com\/pt\/wp-json\/wp\/v2\/media\/41857"}],"wp:attachment":[{"href":"https:\/\/tvbrazilusa.com\/pt\/wp-json\/wp\/v2\/media?parent=41856"}],"wp:term":[{"taxonomy":"category","embeddable":true,"href":"https:\/\/tvbrazilusa.com\/pt\/wp-json\/wp\/v2\/categories?post=41856"},{"taxonomy":"post_tag","embeddable":true,"href":"https:\/\/tvbrazilusa.com\/pt\/wp-json\/wp\/v2\/tags?post=41856"}],"curies":[{"name":"wp","href":"https:\/\/api.w.org\/{rel}","templated":true}]}}