{"id":41865,"date":"2024-09-26T06:00:34","date_gmt":"2024-09-26T06:00:34","guid":{"rendered":"https:\/\/tvbrazilusa.com\/2024\/09\/26\/bombeira-civil-entrega-sua-mascara-e-resgata-crianca-de-8-anos-de-um-incendio\/"},"modified":"2024-09-26T06:00:37","modified_gmt":"2024-09-26T06:00:37","slug":"bombeira-civil-entrega-sua-mascara-e-resgata-crianca-de-8-anos-de-um-incendio","status":"publish","type":"post","link":"https:\/\/tvbrazilusa.com\/pt\/2024\/09\/26\/bombeira-civil-entrega-sua-mascara-e-resgata-crianca-de-8-anos-de-um-incendio\/","title":{"rendered":"Bombeira civil entrega sua m\u00e1scara e resgata crian\u00e7a de 8 anos de um inc\u00eandio"},"content":{"rendered":"<p> <script async src=\"https:\/\/pagead2.googlesyndication.com\/pagead\/js\/adsbygoogle.js?client=ca-pub-8864793242727901\"\r\n     crossorigin=\"anonymous\"><\/script><br \/>\n<\/p>\n<div id=\"content_post\">\n<p>Na cidade de Nova Alian\u00e7a, interior de S\u00e3o Paulo, um ato heroico marcou o \u00faltimo final de semana. A bombeira civil Jennifer Mily salvou uma crian\u00e7a de 8 anos durante um inc\u00eandio, colocando sua pr\u00f3pria vida em risco para proteger o menor. O incidente ocorreu na noite do \u00faltimo s\u00e1bado, e desde ent\u00e3o, Jennifer tem sido exaltada por sua bravura e altru\u00edsmo.\n<\/p>\n<p>Durante o resgate, Jennifer cedeu sua pr\u00f3pria m\u00e1scara de oxig\u00eanio para a crian\u00e7a, garantindo a sobreviv\u00eancia do menor em um ambiente tomado pela fuma\u00e7a. Ap\u00f3s a emocionante opera\u00e7\u00e3o de resgate, Jennifer inalou uma quantidade significativa de fuma\u00e7a e foi internada para tratamento, permanecendo em recupera\u00e7\u00e3o at\u00e9 esta quarta-feira (25).<\/p>\n<h2 id=\"h-qual-foi-a-reacao-de-jennifer-mily-apos-o-resgate\" class=\"wp-block-heading\">Qual foi a rea\u00e7\u00e3o de Jennifer Mily ap\u00f3s o resgate?<\/h2>\n<div class=\"trvd-outer-main\">\n<div class=\"trv-player-container\">\n<div class=\"trv-wrapper\">\n<div id=\"br_video_player_0a2819cf54351825fbf10eb39989c0fe5050d47d\" class=\"trvd_video_player\">\n<div class=\"trv-autoskip-container\">\n<div class=\"trv-autoskip-background\">\n<p>\u00a0<\/p>\n<div class=\"trv-autoskip-line-bottom\">\n<h2 id=\"h-apoio-de-colegas-e-reconhecimento-publico\" class=\"wp-block-heading\">Apoio de colegas e reconhecimento p\u00fablico<\/h2>\n<p>Washington Aquino, tamb\u00e9m bombeiro civil e colega de Jennifer, fez quest\u00e3o de elogiar a atitude da companheira de trabalho. Em uma declara\u00e7\u00e3o emotiva, Washington destacou a import\u00e2ncia da decis\u00e3o de Jennifer em ceder sua m\u00e1scara de oxig\u00eanio para a crian\u00e7a, considerando o gesto como\u00a0<strong>decisivo<\/strong>\u00a0para o sucesso do resgate.\n<\/p>\n<h2 id=\"h-como-esta-o-estado-de-saude-de-jennifer-mily\" class=\"wp-block-heading\">Como est\u00e1 o estado de sa\u00fade de Jennifer Mily?<\/h2>\n<p>At\u00e9 o momento, Jennifer continua em recupera\u00e7\u00e3o ap\u00f3s ter inalado o excesso de fuma\u00e7a durante o resgate. M\u00e9dicos informaram que ela est\u00e1 recebendo os cuidados necess\u00e1rios e que sua condi\u00e7\u00e3o \u00e9 est\u00e1vel. O processo de recupera\u00e7\u00e3o envolve monitoramento respirat\u00f3rio e tratamentos para evitar quaisquer complica\u00e7\u00f5es futuras.\n<\/p>\n<p><figure class=\"wp-block-image size-full\"><figcaption class=\"wp-element-caption\">Reprodu\u00e7\u00e3o\/Instagram\/@_j.sereia<\/figcaption><\/figure>\n<\/p>\n<p><strong>Exemplos como o de Jennifer Mily mostram a verdadeira ess\u00eancia de um her\u00f3i, algu\u00e9m que coloca a vida de outros acima da sua pr\u00f3pria seguran\u00e7a. A jovem bombeira civil se tornou uma inspira\u00e7\u00e3o para muitos, recebendo reconhecimento p\u00fablico e despertando um sentimento coletivo de gratid\u00e3o e respeito.<\/strong>\n<\/p>\n<p>Neste momento dif\u00edcil, o pensamento e as ora\u00e7\u00f5es de todos se voltam para Jennifer e sua pronta recupera\u00e7\u00e3o. Sua coragem e amor ao pr\u00f3ximo s\u00e3o um exemplo sublime de altru\u00edsmo, tornando-nos lembrados da import\u00e2ncia de valorizarmos e apoiarmos os profissionais que se arriscam diariamente por nossas vidas e bem-estar.\n<\/p>\n<p><strong>\u00a0O Antagonista\u00a0<\/strong>\n<\/p>\n<\/div>\n<\/div>\n<\/div>\n<\/div>\n<\/div>\n<\/div>\n<\/div>\n<\/div>\n<p><br \/>\n<br \/><a href=\"https:\/\/diariodobrasilnoticias.com.br\/noticia\/bombeira-civil-entrega-sua-mascara-e-resgata-crianca-de-8-anos-de-um-incendio-66f476372adc0\">Source link <\/a><\/p>","protected":false},"excerpt":{"rendered":"<p>Na cidade de Nova Alian\u00e7a, interior de S\u00e3o Paulo, um ato heroico marcou o \u00faltimo final de semana. A bombeira civil Jennifer Mily salvou uma crian\u00e7a de 8 anos durante&hellip;<\/p>","protected":false},"author":1,"featured_media":41866,"comment_status":"closed","ping_status":"open","sticky":false,"template":"","format":"standard","meta":{"content-type":"","footnotes":""},"categories":[16],"tags":[123,2448,5313,1267],"class_list":["post-41865","post","type-post","status-publish","format-standard","has-post-thumbnail","hentry","category-noticias","tag-brasil","tag-diario","tag-noticia","tag-noticias"],"_links":{"self":[{"href":"https:\/\/tvbrazilusa.com\/pt\/wp-json\/wp\/v2\/posts\/41865","targetHints":{"allow":["GET"]}}],"collection":[{"href":"https:\/\/tvbrazilusa.com\/pt\/wp-json\/wp\/v2\/posts"}],"about":[{"href":"https:\/\/tvbrazilusa.com\/pt\/wp-json\/wp\/v2\/types\/post"}],"author":[{"embeddable":true,"href":"https:\/\/tvbrazilusa.com\/pt\/wp-json\/wp\/v2\/users\/1"}],"replies":[{"embeddable":true,"href":"https:\/\/tvbrazilusa.com\/pt\/wp-json\/wp\/v2\/comments?post=41865"}],"version-history":[{"count":1,"href":"https:\/\/tvbrazilusa.com\/pt\/wp-json\/wp\/v2\/posts\/41865\/revisions"}],"predecessor-version":[{"id":41867,"href":"https:\/\/tvbrazilusa.com\/pt\/wp-json\/wp\/v2\/posts\/41865\/revisions\/41867"}],"wp:featuredmedia":[{"embeddable":true,"href":"https:\/\/tvbrazilusa.com\/pt\/wp-json\/wp\/v2\/media\/41866"}],"wp:attachment":[{"href":"https:\/\/tvbrazilusa.com\/pt\/wp-json\/wp\/v2\/media?parent=41865"}],"wp:term":[{"taxonomy":"category","embeddable":true,"href":"https:\/\/tvbrazilusa.com\/pt\/wp-json\/wp\/v2\/categories?post=41865"},{"taxonomy":"post_tag","embeddable":true,"href":"https:\/\/tvbrazilusa.com\/pt\/wp-json\/wp\/v2\/tags?post=41865"}],"curies":[{"name":"wp","href":"https:\/\/api.w.org\/{rel}","templated":true}]}}