{"id":41926,"date":"2024-09-26T12:10:29","date_gmt":"2024-09-26T12:10:29","guid":{"rendered":"https:\/\/tvbrazilusa.com\/2024\/09\/26\/subtenente-da-pm-sofre-atentado-a-tiros-na-presenca-de-sua-familia-veja-video\/"},"modified":"2024-09-26T12:10:30","modified_gmt":"2024-09-26T12:10:30","slug":"subtenente-da-pm-sofre-atentado-a-tiros-na-presenca-de-sua-familia-veja-video","status":"publish","type":"post","link":"https:\/\/tvbrazilusa.com\/pt\/2024\/09\/26\/subtenente-da-pm-sofre-atentado-a-tiros-na-presenca-de-sua-familia-veja-video\/","title":{"rendered":"Subtenente da PM sofre atentado a tiros na presen\u00e7a de sua fam\u00edlia; VEJA V\u00cdDEO"},"content":{"rendered":"<p> <script async src=\"https:\/\/pagead2.googlesyndication.com\/pagead\/js\/adsbygoogle.js?client=ca-pub-8864793242727901\"\r\n     crossorigin=\"anonymous\"><\/script><br \/>\n<\/p>\n<div id=\"taboola-read-more\" style=\"display:block; width:100%\">\n<p>Subtenente da pol\u00edcia militar est\u00e1 em estado grave depois de ser baleado por criminosos. A suspeita \u00e9 de que Ant\u00f4nio foi confundido com um miliciano. Tudo aconteceu na porta da escola dos filhos. O subtenente e a esposa tinham ido levar as crian\u00e7as ao col\u00e9gio quando Ant\u00f4nio foi baleado ao tentar proteger a filha. Os criminosos fugiram levando a arma do policial. Isso aconteceu no Rio de Janeiro.\n<\/p>\n<p>ASSISTA:<\/p>\n<p>Fonte: @balancogeral <\/p>\n<\/div>\n<p><br \/>\n<br \/><a href=\"https:\/\/diariodobrasilnoticias.com.br\/noticia\/subtenente-da-pm-sofre-atentado-a-tiros-na-presenca-de-sua-familia-veja-video-66f535cb6d793\">Source link <\/a><\/p>","protected":false},"excerpt":{"rendered":"<p>Subtenente da pol\u00edcia militar est\u00e1 em estado grave depois de ser baleado por criminosos. A suspeita \u00e9 de que Ant\u00f4nio foi confundido com um miliciano. Tudo aconteceu na porta da&hellip;<\/p>","protected":false},"author":1,"featured_media":41927,"comment_status":"closed","ping_status":"open","sticky":false,"template":"","format":"standard","meta":{"content-type":"","footnotes":""},"categories":[16],"tags":[123,2448,5313,1267],"class_list":["post-41926","post","type-post","status-publish","format-standard","has-post-thumbnail","hentry","category-noticias","tag-brasil","tag-diario","tag-noticia","tag-noticias"],"_links":{"self":[{"href":"https:\/\/tvbrazilusa.com\/pt\/wp-json\/wp\/v2\/posts\/41926","targetHints":{"allow":["GET"]}}],"collection":[{"href":"https:\/\/tvbrazilusa.com\/pt\/wp-json\/wp\/v2\/posts"}],"about":[{"href":"https:\/\/tvbrazilusa.com\/pt\/wp-json\/wp\/v2\/types\/post"}],"author":[{"embeddable":true,"href":"https:\/\/tvbrazilusa.com\/pt\/wp-json\/wp\/v2\/users\/1"}],"replies":[{"embeddable":true,"href":"https:\/\/tvbrazilusa.com\/pt\/wp-json\/wp\/v2\/comments?post=41926"}],"version-history":[{"count":1,"href":"https:\/\/tvbrazilusa.com\/pt\/wp-json\/wp\/v2\/posts\/41926\/revisions"}],"predecessor-version":[{"id":41928,"href":"https:\/\/tvbrazilusa.com\/pt\/wp-json\/wp\/v2\/posts\/41926\/revisions\/41928"}],"wp:featuredmedia":[{"embeddable":true,"href":"https:\/\/tvbrazilusa.com\/pt\/wp-json\/wp\/v2\/media\/41927"}],"wp:attachment":[{"href":"https:\/\/tvbrazilusa.com\/pt\/wp-json\/wp\/v2\/media?parent=41926"}],"wp:term":[{"taxonomy":"category","embeddable":true,"href":"https:\/\/tvbrazilusa.com\/pt\/wp-json\/wp\/v2\/categories?post=41926"},{"taxonomy":"post_tag","embeddable":true,"href":"https:\/\/tvbrazilusa.com\/pt\/wp-json\/wp\/v2\/tags?post=41926"}],"curies":[{"name":"wp","href":"https:\/\/api.w.org\/{rel}","templated":true}]}}