{"id":41944,"date":"2024-09-26T12:51:55","date_gmt":"2024-09-26T12:51:55","guid":{"rendered":"https:\/\/tvbrazilusa.com\/2024\/09\/26\/jornalistas-da-ebc-tv-lula-entram-em-greve-apos-anuncio-de-novo-plano-de-cargos-da-empresa-estatal\/"},"modified":"2024-09-26T12:51:57","modified_gmt":"2024-09-26T12:51:57","slug":"jornalistas-da-ebc-tv-lula-entram-em-greve-apos-anuncio-de-novo-plano-de-cargos-da-empresa-estatal","status":"publish","type":"post","link":"https:\/\/tvbrazilusa.com\/pt\/2024\/09\/26\/jornalistas-da-ebc-tv-lula-entram-em-greve-apos-anuncio-de-novo-plano-de-cargos-da-empresa-estatal\/","title":{"rendered":"Jornalistas da EBC, &#8216;TV Lula, entram em greve ap\u00f3s an\u00fancio de novo plano de cargos da empresa estatal"},"content":{"rendered":"<p> <script async src=\"https:\/\/pagead2.googlesyndication.com\/pagead\/js\/adsbygoogle.js?client=ca-pub-8864793242727901\"\r\n     crossorigin=\"anonymous\"><\/script><br \/>\n<\/p>\n<div id=\"taboola-read-more\" style=\"display:block; width:100%\">\n<p>Jornalistas da Empresa Brasil de Comunica\u00e7\u00e3o (EBC) do Distrito Federal, Rio de Janeiro e S\u00e3o Paulo entrar\u00e3o em greve por dois dias a partir desta quarta-feira, 25. A paralisa\u00e7\u00e3o foi votada em assembleia, nesta ter\u00e7a-feira, 24, com a expectativa que a ades\u00e3o chegue a cerca de 90% dos jornalistas da estatal.\n<\/p>\n<p>A greve deve afetar a TV Brasil, a Ag\u00eancia Brasil, a R\u00e1dio Nacional, a R\u00e1dio Nacional da Amaz\u00f4nia, a R\u00e1dio MEC e a Radioag\u00eancia Nacional, al\u00e9m de ve\u00edculos como Canal Gov, Ag\u00eancia Gov e o notici\u00e1rio A Voz do Brasil.<\/p>\n<p>Os grevistas tamb\u00e9m organizam uma manifesta\u00e7\u00e3o em frente ao Minist\u00e9rio da Gest\u00e3o e Inova\u00e7\u00e3o, em Bras\u00edlia. A EBC \u00e9 ligada \u00e0 Secretaria de Comunica\u00e7\u00e3o da Presid\u00eancia (Secom).\n<\/p>\n<p>Os profissionais criticam o novo plano de cargos e sal\u00e1rios da empresa que, segundo o movimento, rebaixa os sal\u00e1rios da carreira de jornalismo, em compara\u00e7\u00e3o a outros grupos de trabalhadores.\n<\/p>\n<p>Para os grevistas, a nova tabela adota uma pol\u00edtica sal\u00e1rio-hora, pr\u00e1tica que n\u00e3o existe em outras empresas p\u00fablicas e privadas. Segundo eles, essa pr\u00e1tica ainda busca burlar a legisla\u00e7\u00e3o que define a jornada espec\u00edfica de trabalho dos jornalistas.\n<\/p>\n<p><strong>A segunda greve de jornalistas da EBC no m\u00eas de setembro<\/strong><br \/>Essa \u00e9 a segunda paralisa\u00e7\u00e3o organizada por servidores da estatal neste m\u00eas. No come\u00e7o de setembro, uma greve tamb\u00e9m de dois dias contou com 95% de ades\u00e3o e resultou em uma reuni\u00e3o com o ministro da Secom, La\u00e9rcio Portela.\n<\/p>\n<p>O ministro, que tamb\u00e9m \u00e9 jornalista, disse que a proposta da EBC est\u00e1 em an\u00e1lise e se comprometeu com a abertura do di\u00e1logo e transpar\u00eancia antes de enviar a proposta para o Minist\u00e9rio da Gest\u00e3o e Inova\u00e7\u00e3o.\n<\/p>\n<p>O deputado federal Reimont (PT-RJ) se reuniu com os grevistas, atendendo a um pedido de apoio dos jornalistas. O congressista se disp\u00f4s a ajudar a categoria e apoiou a realiza\u00e7\u00e3o de uma audi\u00eancia p\u00fablica.\n<\/p>\n<p>Fonte: Revista Oesste<\/p>\n<\/p><\/div>\n<p><br \/>\n<br \/><a href=\"https:\/\/diariodobrasilnoticias.com.br\/noticia\/jornalistas-da-ebc-tv-lula-entram-em-greve-apos-anuncio-de-novo-plano-de-cargos-da-empresa-estatal-66f53e3328b08\">Source link <\/a><\/p>","protected":false},"excerpt":{"rendered":"<p>Jornalistas da Empresa Brasil de Comunica\u00e7\u00e3o (EBC) do Distrito Federal, Rio de Janeiro e S\u00e3o Paulo entrar\u00e3o em greve por dois dias a partir desta quarta-feira, 25. A paralisa\u00e7\u00e3o foi&hellip;<\/p>","protected":false},"author":1,"featured_media":41945,"comment_status":"closed","ping_status":"open","sticky":false,"template":"","format":"standard","meta":{"content-type":"","footnotes":""},"categories":[16],"tags":[123,2448,5313,1267],"class_list":["post-41944","post","type-post","status-publish","format-standard","has-post-thumbnail","hentry","category-noticias","tag-brasil","tag-diario","tag-noticia","tag-noticias"],"_links":{"self":[{"href":"https:\/\/tvbrazilusa.com\/pt\/wp-json\/wp\/v2\/posts\/41944","targetHints":{"allow":["GET"]}}],"collection":[{"href":"https:\/\/tvbrazilusa.com\/pt\/wp-json\/wp\/v2\/posts"}],"about":[{"href":"https:\/\/tvbrazilusa.com\/pt\/wp-json\/wp\/v2\/types\/post"}],"author":[{"embeddable":true,"href":"https:\/\/tvbrazilusa.com\/pt\/wp-json\/wp\/v2\/users\/1"}],"replies":[{"embeddable":true,"href":"https:\/\/tvbrazilusa.com\/pt\/wp-json\/wp\/v2\/comments?post=41944"}],"version-history":[{"count":1,"href":"https:\/\/tvbrazilusa.com\/pt\/wp-json\/wp\/v2\/posts\/41944\/revisions"}],"predecessor-version":[{"id":41946,"href":"https:\/\/tvbrazilusa.com\/pt\/wp-json\/wp\/v2\/posts\/41944\/revisions\/41946"}],"wp:featuredmedia":[{"embeddable":true,"href":"https:\/\/tvbrazilusa.com\/pt\/wp-json\/wp\/v2\/media\/41945"}],"wp:attachment":[{"href":"https:\/\/tvbrazilusa.com\/pt\/wp-json\/wp\/v2\/media?parent=41944"}],"wp:term":[{"taxonomy":"category","embeddable":true,"href":"https:\/\/tvbrazilusa.com\/pt\/wp-json\/wp\/v2\/categories?post=41944"},{"taxonomy":"post_tag","embeddable":true,"href":"https:\/\/tvbrazilusa.com\/pt\/wp-json\/wp\/v2\/tags?post=41944"}],"curies":[{"name":"wp","href":"https:\/\/api.w.org\/{rel}","templated":true}]}}