{"id":41950,"date":"2024-09-26T13:20:10","date_gmt":"2024-09-26T13:20:10","guid":{"rendered":"https:\/\/tvbrazilusa.com\/2024\/09\/26\/x-no-brasil-veja-ate-quando-a-rede-social-deve-solicitar-liberacao\/"},"modified":"2024-09-26T13:20:11","modified_gmt":"2024-09-26T13:20:11","slug":"x-no-brasil-veja-ate-quando-a-rede-social-deve-solicitar-liberacao","status":"publish","type":"post","link":"https:\/\/tvbrazilusa.com\/pt\/2024\/09\/26\/x-no-brasil-veja-ate-quando-a-rede-social-deve-solicitar-liberacao\/","title":{"rendered":"X no Brasil: Veja at\u00e9 quando a rede social deve solicitar libera\u00e7\u00e3o"},"content":{"rendered":"<p> <script async src=\"https:\/\/pagead2.googlesyndication.com\/pagead\/js\/adsbygoogle.js?client=ca-pub-8864793242727901\"\r\n     crossorigin=\"anonymous\"><\/script><br \/>\n<\/p>\n<div id=\"taboola-read-more\" style=\"display:block; width:100%\">\n<p>A rede social X, de propriedade do bilion\u00e1rio Elon Musk, est\u00e1 em vias de apresentar documentos solicitados pelo Supremo Tribunal Federal (STF) e pedir\u00e1, at\u00e9 a pr\u00f3xima segunda-feira, 30, que o servi\u00e7o seja restabelecido no Brasil, de acordo com o InfoMoney.\n<\/p>\n<p>O acesso \u00e0 plataforma, anteriormente conhecida como Twitter, est\u00e1 bloqueado no Brasil desde o final de agosto, seguindo uma ordem do ministro do STF Alexandre de Moraes.<\/p>\n<p>O magistrado e a empresa de tecnologia norte-americana t\u00eam se desentendido devido \u00e0 investiga\u00e7\u00e3o das chamadas \u201cmil\u00edcias digitais\u201d, que Moraes afirma terem espalhado mensagens de \u00f3dio no Brasil por meio de redes sociais.\n<\/p>\n<p>A disputa levou o X a fechar seus escrit\u00f3rios no pa\u00eds e demitir funcion\u00e1rios, incluindo seu representante legal, violando uma lei brasileira que determina a presen\u00e7a de um representante legal da empresa no pa\u00eds.\n<\/p>\n<p><strong>Origem da disputa entre a rede social X e o STF<\/strong><br \/>A origem do conflito entre a plataforma X e o Supremo Tribunal Federal do Brasil est\u00e1 na acusa\u00e7\u00e3o de que a rede social teria permitido a dissemina\u00e7\u00e3o de mensagens de \u00f3dio e not\u00edcias falsas.\n<\/p>\n<p>Segundo Alexandre de Moraes, essas \u201cmil\u00edcias digitais\u201d utilizavam a plataforma para promover desinforma\u00e7\u00e3o e incitar comportamentos nocivos \u00e0 sociedade brasileira.\n<\/p>\n<p>O ministro do STF tomou medidas severas que resultaram no bloqueio do acesso \u00e0 plataforma no pa\u00eds.\n<\/p>\n<p><strong>A\u00e7\u00f5es da X para solucionar o problema<\/strong><br \/>Para reverter o bloqueio, a plataforma X come\u00e7ou a cumprir as determina\u00e7\u00f5es do STF.\n<\/p>\n<p>Entre as a\u00e7\u00f5es tomadas, est\u00e1 a nomea\u00e7\u00e3o de um novo representante legal no Brasil e a solicita\u00e7\u00e3o dos documentos necess\u00e1rios para formalizar essa nomea\u00e7\u00e3o.\n<\/p>\n<p>Al\u00e9m disso, a empresa est\u00e1 bloqueando perfis que supostamente espalham not\u00edcias falsas e pagando uma multa de 18 milh\u00f5es de reais.\n<\/p>\n<p>X deve ser liberada no Brasil at\u00e9 segunda-feira, 30<br \/>A expectativa \u00e9 que a plataforma esteja novamente dispon\u00edvel para os brasileiros j\u00e1 na pr\u00f3xima semana, ap\u00f3s a apresenta\u00e7\u00e3o dos documentos solicitados pelo STF.\n<\/p>\n<p>Fontes pr\u00f3ximas \u00e0s negocia\u00e7\u00f5es afirmam que o X espera resolver a quest\u00e3o assim que o tribunal verificar que todas as exig\u00eancias foram atendidas.\n<\/p>\n<p><strong>Postura da rede social X diante das exig\u00eancias do STF<\/strong><br \/>Com o objetivo de suavizar o relacionamento com o STF e operar no Brasil de forma similar a outras empresas de tecnologia, a plataforma X adotou uma postura de coopera\u00e7\u00e3o.\n<\/p>\n<p>Segundo as fontes, a empresa est\u00e1 empenhada em cumprir todas as exig\u00eancias do tribunal e restaurar sua presen\u00e7a no mercado brasileiro.\n<\/p>\n<p>Embora a rede social e o Supremo n\u00e3o tenham respondido de imediato aos pedidos de coment\u00e1rios, as fontes indicam que a quest\u00e3o est\u00e1 pr\u00f3xima de uma resolu\u00e7\u00e3o.\n<\/p>\n<p>Caso as exig\u00eancias do STF sejam plenamente atendidas, os brasileiros poder\u00e3o em breve voltar a utilizar a plataforma X, marcando o fim desta disputa.\n<\/p>\n<p>Fonte: O antagonista <\/p>\n<\/div>\n<p><br \/>\n<br \/><a href=\"https:\/\/diariodobrasilnoticias.com.br\/noticia\/x-no-brasil-veja-ate-quando-a-rede-social-deve-solicitar-liberacao-66f540b35d524\">Source link <\/a><\/p>","protected":false},"excerpt":{"rendered":"<p>A rede social X, de propriedade do bilion\u00e1rio Elon Musk, est\u00e1 em vias de apresentar documentos solicitados pelo Supremo Tribunal Federal (STF) e pedir\u00e1, at\u00e9 a pr\u00f3xima segunda-feira, 30, que&hellip;<\/p>","protected":false},"author":1,"featured_media":41951,"comment_status":"closed","ping_status":"open","sticky":false,"template":"","format":"standard","meta":{"content-type":"","footnotes":""},"categories":[16],"tags":[123,2448,5313,1267],"class_list":["post-41950","post","type-post","status-publish","format-standard","has-post-thumbnail","hentry","category-noticias","tag-brasil","tag-diario","tag-noticia","tag-noticias"],"_links":{"self":[{"href":"https:\/\/tvbrazilusa.com\/pt\/wp-json\/wp\/v2\/posts\/41950","targetHints":{"allow":["GET"]}}],"collection":[{"href":"https:\/\/tvbrazilusa.com\/pt\/wp-json\/wp\/v2\/posts"}],"about":[{"href":"https:\/\/tvbrazilusa.com\/pt\/wp-json\/wp\/v2\/types\/post"}],"author":[{"embeddable":true,"href":"https:\/\/tvbrazilusa.com\/pt\/wp-json\/wp\/v2\/users\/1"}],"replies":[{"embeddable":true,"href":"https:\/\/tvbrazilusa.com\/pt\/wp-json\/wp\/v2\/comments?post=41950"}],"version-history":[{"count":1,"href":"https:\/\/tvbrazilusa.com\/pt\/wp-json\/wp\/v2\/posts\/41950\/revisions"}],"predecessor-version":[{"id":41952,"href":"https:\/\/tvbrazilusa.com\/pt\/wp-json\/wp\/v2\/posts\/41950\/revisions\/41952"}],"wp:featuredmedia":[{"embeddable":true,"href":"https:\/\/tvbrazilusa.com\/pt\/wp-json\/wp\/v2\/media\/41951"}],"wp:attachment":[{"href":"https:\/\/tvbrazilusa.com\/pt\/wp-json\/wp\/v2\/media?parent=41950"}],"wp:term":[{"taxonomy":"category","embeddable":true,"href":"https:\/\/tvbrazilusa.com\/pt\/wp-json\/wp\/v2\/categories?post=41950"},{"taxonomy":"post_tag","embeddable":true,"href":"https:\/\/tvbrazilusa.com\/pt\/wp-json\/wp\/v2\/tags?post=41950"}],"curies":[{"name":"wp","href":"https:\/\/api.w.org\/{rel}","templated":true}]}}