{"id":41956,"date":"2024-09-26T13:33:14","date_gmt":"2024-09-26T13:33:14","guid":{"rendered":"https:\/\/tvbrazilusa.com\/2024\/09\/26\/trump-faz-indireta-a-biden-como-presidente-fraco-se-fosse-comigo-explodiria-o-ira\/"},"modified":"2024-09-26T13:33:15","modified_gmt":"2024-09-26T13:33:15","slug":"trump-faz-indireta-a-biden-como-presidente-fraco-se-fosse-comigo-explodiria-o-ira","status":"publish","type":"post","link":"https:\/\/tvbrazilusa.com\/pt\/2024\/09\/26\/trump-faz-indireta-a-biden-como-presidente-fraco-se-fosse-comigo-explodiria-o-ira\/","title":{"rendered":"Trump faz indireta a Biden como presidente fraco: &#8216;se fosse comigo, explodiria o Ir\u00e3&#8217;"},"content":{"rendered":"<p> <script async src=\"https:\/\/pagead2.googlesyndication.com\/pagead\/js\/adsbygoogle.js?client=ca-pub-8864793242727901\"\r\n     crossorigin=\"anonymous\"><\/script><br \/>\n<\/p>\n<p>Donald Trump afirmou nesta quarta-feira (25), que, se fosse presidente, diria ao Ir\u00e3 ou a qualquer pa\u00eds que se eles prejudicassem um \u201ccandidato l\u00edder\u201d em uma elei\u00e7\u00e3o presidencial dos EUA \u201cn\u00f3s explodir\u00edamos suas maiores cidades e o pr\u00f3prio pa\u00eds em pedacinhos\u201d.\n<\/p>\n<div id=\"mid2\" data-google-query-id=\"CLGB5rm64IgDFd5NuAQdu7w2Vw\">O secret\u00e1rio de Estado Antony Blinken afirmou no in\u00edcio do dia que o governo americano est\u00e1 \u201crastreando intensamente\u201d uma amea\u00e7a cont\u00ednua do Ir\u00e3 contra autoridades atuais e antigas dos EUA.<\/p>\n<p>Al\u00e9m disso, a CNN relatou que as autoridades policiais est\u00e3o preocupadas com a amea\u00e7a persistente do Ir\u00e3 possivelmente tentar assassinar ex-funcion\u00e1rios de Trump e o pr\u00f3prio ex-presidente.<\/p>\n<\/div>\n<div data-google-query-id=\"CLGB5rm64IgDFd5NuAQdu7w2Vw\">\n<p>\u201cSe eu fosse o presidente, informaria o pa\u00eds amea\u00e7ador \u2014 neste caso, o Ir\u00e3 \u2014 que se voc\u00ea fizer qualquer coisa para prejudicar essa pessoa, n\u00f3s explodiremos suas maiores cidades e o pr\u00f3prio pa\u00eds em pedacinhos. N\u00f3s vamos explodi-lo em pedacinhos. Voc\u00ea n\u00e3o pode fazer isso. E n\u00e3o haveria mais amea\u00e7as\u201d, comentou o republicano durante evento de campanha em Mint Hill, na Carolina do Norte.<\/p>\n<p>\u201cMas agora n\u00e3o temos essa lideran\u00e7a ou as pessoas necess\u00e1rias, os l\u00edderes necess\u00e1rios\u201d, alegou o ex-presidente.\n<\/p>\n<p>Trump pontuou que n\u00e3o importaria se o candidato era republicano ou democrata.\n<\/p>\n<p>Ele tamb\u00e9m agradeceu aos democratas no Congresso por aprovarem um projeto de lei que garante que ele e a vice-presidente Kamala Harris recebam o mesmo n\u00edvel de prote\u00e7\u00e3o do Servi\u00e7o Secreto que um presidente em exerc\u00edcio.\n<\/p>\n<p>Trump tamb\u00e9m continuou criticando a lideran\u00e7a do FBI, a ag\u00eancia de investiga\u00e7\u00e3o federal dos EUA, e alegou, sem evid\u00eancias, que eles estavam focados \u201cnos oponentes pol\u00edticos do presidente em exerc\u00edcio\u201d. O republicano afirma regularmente, sem evid\u00eancias, que o sistema de Justi\u00e7a americano est\u00e1 sendo usado como arma contra ele.\n<\/p>\n<p>Por fim, o ex-presidente afirmou que foi \u201camea\u00e7ado muito diretamente pelo Ir\u00e3\u201d e \u201ctodos n\u00f3s precisamos nos unir para frustrar essas tentativas\u201d.\n<\/p>\n<p>Fonte: CNN Brasil\n<\/p>\n<\/div>\n<p><br \/>\n<br \/><a href=\"https:\/\/diariodobrasilnoticias.com.br\/noticia\/trump-faz-indireta-a-biden-como-presidente-fraco-se-explodiria-o-ira-66f53f698d54b\">Source link <\/a><\/p>","protected":false},"excerpt":{"rendered":"<p>Donald Trump afirmou nesta quarta-feira (25), que, se fosse presidente, diria ao Ir\u00e3 ou a qualquer pa\u00eds que se eles prejudicassem um \u201ccandidato l\u00edder\u201d em uma elei\u00e7\u00e3o presidencial dos EUA&hellip;<\/p>","protected":false},"author":1,"featured_media":41957,"comment_status":"closed","ping_status":"open","sticky":false,"template":"","format":"standard","meta":{"content-type":"","footnotes":""},"categories":[16],"tags":[123,2448,5313,1267],"class_list":["post-41956","post","type-post","status-publish","format-standard","has-post-thumbnail","hentry","category-noticias","tag-brasil","tag-diario","tag-noticia","tag-noticias"],"_links":{"self":[{"href":"https:\/\/tvbrazilusa.com\/pt\/wp-json\/wp\/v2\/posts\/41956","targetHints":{"allow":["GET"]}}],"collection":[{"href":"https:\/\/tvbrazilusa.com\/pt\/wp-json\/wp\/v2\/posts"}],"about":[{"href":"https:\/\/tvbrazilusa.com\/pt\/wp-json\/wp\/v2\/types\/post"}],"author":[{"embeddable":true,"href":"https:\/\/tvbrazilusa.com\/pt\/wp-json\/wp\/v2\/users\/1"}],"replies":[{"embeddable":true,"href":"https:\/\/tvbrazilusa.com\/pt\/wp-json\/wp\/v2\/comments?post=41956"}],"version-history":[{"count":1,"href":"https:\/\/tvbrazilusa.com\/pt\/wp-json\/wp\/v2\/posts\/41956\/revisions"}],"predecessor-version":[{"id":41958,"href":"https:\/\/tvbrazilusa.com\/pt\/wp-json\/wp\/v2\/posts\/41956\/revisions\/41958"}],"wp:featuredmedia":[{"embeddable":true,"href":"https:\/\/tvbrazilusa.com\/pt\/wp-json\/wp\/v2\/media\/41957"}],"wp:attachment":[{"href":"https:\/\/tvbrazilusa.com\/pt\/wp-json\/wp\/v2\/media?parent=41956"}],"wp:term":[{"taxonomy":"category","embeddable":true,"href":"https:\/\/tvbrazilusa.com\/pt\/wp-json\/wp\/v2\/categories?post=41956"},{"taxonomy":"post_tag","embeddable":true,"href":"https:\/\/tvbrazilusa.com\/pt\/wp-json\/wp\/v2\/tags?post=41956"}],"curies":[{"name":"wp","href":"https:\/\/api.w.org\/{rel}","templated":true}]}}