{"id":41979,"date":"2024-09-26T14:27:25","date_gmt":"2024-09-26T14:27:25","guid":{"rendered":"https:\/\/tvbrazilusa.com\/2024\/09\/26\/morre-aos-36-anos-a-jornalista-brasileira-nathalia-urban\/"},"modified":"2024-09-26T14:27:26","modified_gmt":"2024-09-26T14:27:26","slug":"morre-aos-36-anos-a-jornalista-brasileira-nathalia-urban","status":"publish","type":"post","link":"https:\/\/tvbrazilusa.com\/pt\/2024\/09\/26\/morre-aos-36-anos-a-jornalista-brasileira-nathalia-urban\/","title":{"rendered":"Morre, aos 36 anos, a jornalista brasileira Nathalia Urban"},"content":{"rendered":"<p> <script async src=\"https:\/\/pagead2.googlesyndication.com\/pagead\/js\/adsbygoogle.js?client=ca-pub-8864793242727901\"\r\n     crossorigin=\"anonymous\"><\/script><br \/>\n<\/p>\n<div id=\"taboola-read-more\" style=\"display:block; width:100%\">\n<p>Morreu, nesta quarta-feira (25\/9), a jornalista brasileira Nathalia Urban, aos 36 anos, em Edimburgo, na Esc\u00f3cia. A not\u00edcia foi confirmada pelo ve\u00edculo Brasil 247, onde Nathalia atuava como correspondente internacional.\n<\/p>\n<p>A jornalista sofreu um acidente e estava internada. O Brasil 247 expressou seu luto em uma mensagem divulgada nas redes sociais.<\/p>\n<p>\u201cInfelizmente, nossa colega Nathalia n\u00e3o resistiu e os aparelhos ser\u00e3o desligados. Num \u00faltimo gesto de humanidade, os \u00f3rg\u00e3os ser\u00e3o doados. Nathalia lutou pela liberdade de todos os povos. Estamos em luto e consternados. Oremos para que ela tenha uma boa passagem. Nathalia Urban sempre presente!\u201d, diz a publica\u00e7\u00e3o do v\u00e9iculo.\n<\/p>\n<p>Quem era Nathalia Urban<br \/>O Brasil 247 descreve Nathalia Urban como uma \u201clutadora pela liberdade de todos os povos\u201d e afirma que ela \u201cdeixa um exemplo de humanidade e compromisso com o jornalismo\u201d.\n<\/p>\n<p>A jornalista foi a criadora do programa \u201cVeias Abertas\u201d, na TV 247, um espa\u00e7o dedicado \u00e0 luta dos povos latino-americanos.\n<\/p>\n<p>Al\u00e9m disso, era presen\u00e7a constante no programa \u201cBom Dia 247\u201d e apresentava o \u201cGlobalistas\u201d, oferecendo an\u00e1lises sobre quest\u00f5es internacionais ao lado do jornalista Brian Mier.\n<\/p>\n<p>Em 2021, Nathalia foi destaque na s\u00e9rie \u201cGrandes Jornalistas\u201d, onde compartilhou sua trajet\u00f3ria e reafirmou seu compromisso com o jornalismo como uma ferramenta de transforma\u00e7\u00e3o social.\n<\/p>\n<p>Seu trabalho era reconhecido pela seriedade e profundidade com que tratava temas de relev\u00e2ncia global, sempre conectando suas an\u00e1lises com uma vis\u00e3o humanista e engajada.\n<\/p>\n<p><strong>Amigos prestam homenagens<\/strong><br \/>Amigos e colegas lamentaram a morte de Nathalia. Thiago \u00c1vila, ativista internacionalista, expressou a dor diante da perda.\n<\/p>\n<p>\u201cO mundo parece mais duro e triste quando perdemos algu\u00e9m que amamos para partilhar dessa caminhada. A dor da perda tamb\u00e9m tem a ver com o quanto aquela pessoa era importante para as pessoas mais pr\u00f3ximas, para a comunidade, para o mundo\u201d, escreveu.\n<\/p>\n<p>Carol Proner, jurista e articulista, tamb\u00e9m homenageou a colega em suas redes sociais, destacando o talento e a contribui\u00e7\u00e3o de Nathalia.\n<\/p>\n<p>\u201cMesmo jovem, fez muito pelo Brasil e pela Am\u00e9rica Latina, um exemplo de humanismo, lucidez e seriedade.\u201d\n<\/p>\n<p>Fonte: Metr\u00f3poles <\/p>\n<\/div>\n<p><br \/>\n<br \/><a href=\"https:\/\/diariodobrasilnoticias.com.br\/noticia\/morre-aos-36-anos-a-jornalista-brasileira-nathalia-urban-66f54ab93ad6f\">Source link <\/a><\/p>","protected":false},"excerpt":{"rendered":"<p>Morreu, nesta quarta-feira (25\/9), a jornalista brasileira Nathalia Urban, aos 36 anos, em Edimburgo, na Esc\u00f3cia. A not\u00edcia foi confirmada pelo ve\u00edculo Brasil 247, onde Nathalia atuava como correspondente internacional.&hellip;<\/p>","protected":false},"author":1,"featured_media":41980,"comment_status":"closed","ping_status":"open","sticky":false,"template":"","format":"standard","meta":{"content-type":"","footnotes":""},"categories":[16],"tags":[123,2448,5313,1267],"class_list":["post-41979","post","type-post","status-publish","format-standard","has-post-thumbnail","hentry","category-noticias","tag-brasil","tag-diario","tag-noticia","tag-noticias"],"_links":{"self":[{"href":"https:\/\/tvbrazilusa.com\/pt\/wp-json\/wp\/v2\/posts\/41979","targetHints":{"allow":["GET"]}}],"collection":[{"href":"https:\/\/tvbrazilusa.com\/pt\/wp-json\/wp\/v2\/posts"}],"about":[{"href":"https:\/\/tvbrazilusa.com\/pt\/wp-json\/wp\/v2\/types\/post"}],"author":[{"embeddable":true,"href":"https:\/\/tvbrazilusa.com\/pt\/wp-json\/wp\/v2\/users\/1"}],"replies":[{"embeddable":true,"href":"https:\/\/tvbrazilusa.com\/pt\/wp-json\/wp\/v2\/comments?post=41979"}],"version-history":[{"count":1,"href":"https:\/\/tvbrazilusa.com\/pt\/wp-json\/wp\/v2\/posts\/41979\/revisions"}],"predecessor-version":[{"id":41981,"href":"https:\/\/tvbrazilusa.com\/pt\/wp-json\/wp\/v2\/posts\/41979\/revisions\/41981"}],"wp:featuredmedia":[{"embeddable":true,"href":"https:\/\/tvbrazilusa.com\/pt\/wp-json\/wp\/v2\/media\/41980"}],"wp:attachment":[{"href":"https:\/\/tvbrazilusa.com\/pt\/wp-json\/wp\/v2\/media?parent=41979"}],"wp:term":[{"taxonomy":"category","embeddable":true,"href":"https:\/\/tvbrazilusa.com\/pt\/wp-json\/wp\/v2\/categories?post=41979"},{"taxonomy":"post_tag","embeddable":true,"href":"https:\/\/tvbrazilusa.com\/pt\/wp-json\/wp\/v2\/tags?post=41979"}],"curies":[{"name":"wp","href":"https:\/\/api.w.org\/{rel}","templated":true}]}}