{"id":41991,"date":"2024-09-26T14:54:43","date_gmt":"2024-09-26T14:54:43","guid":{"rendered":"https:\/\/tvbrazilusa.com\/2024\/09\/26\/defesa-de-nikolas-ferreira-chama-alckmin-para-testemunha-de-defesa-em-acao-de-lula-no-stf-entenda-paulo-figueiredo\/"},"modified":"2024-09-26T14:56:22","modified_gmt":"2024-09-26T14:56:22","slug":"defesa-de-nikolas-ferreira-chama-alckmin-para-testemunha-de-defesa-em-acao-de-lula-no-stf-entenda-paulo-figueiredo","status":"publish","type":"post","link":"https:\/\/tvbrazilusa.com\/pt\/2024\/09\/26\/defesa-de-nikolas-ferreira-chama-alckmin-para-testemunha-de-defesa-em-acao-de-lula-no-stf-entenda-paulo-figueiredo\/","title":{"rendered":"Defesa de Nikolas Ferreira chama Alckmin para testemunha de defesa em a\u00e7\u00e3o de Lula no STF; entenda &#8211; Paulo Figueiredo"},"content":{"rendered":"<p> <script async src=\"https:\/\/pagead2.googlesyndication.com\/pagead\/js\/adsbygoogle.js?client=ca-pub-8864793242727901\"\r\n     crossorigin=\"anonymous\"><\/script><br \/>\n<\/p>\n<div id=\"wtr-content\" data-bg=\"#FFFFFF\" data-fg=\"#006d91\" data-width=\"25\" data-mute=\"1\" data-fgopacity=\"1.00\" data-mutedopacity=\"0.5\" data-placement=\"bottom\" data-placement-offset=\"0\" data-content-offset=\"262\" data-placement-touch=\"bottom\" data-placement-offset-touch=\"0\" data-transparent=\"\" data-shadow=\"0\" data-touch=\"1\" data-non-touch=\"1\" data-comments=\"0\" data-commentsbg=\"transparent\" data-location=\"page\" data-mutedfg=\"#006d91\" data-endfg=\"#006d91\" data-rtl=\"\">\n<pre class=\"wp-block-preformatted has-small-font-size\">Foto - Tomaz Silva<\/pre>\n<h3 class=\"wp-block-heading\">Advogados do deputado v\u00e3o usar declara\u00e7\u00f5es de 2017, quando o ex-tucano relacionou o petista a crimes de corrup\u00e7\u00e3o<\/h3>\n<p>Os advogados do deputado federal Nikolas Ferreira (PL-MG) inclu\u00edram o vice-presidente da Rep\u00fablica, Geraldo Alckmin (PSB), como testemunha de defesa em a\u00e7\u00e3o na Justi\u00e7a contra o parlamentar.<\/p>\n<p>Nikolas Ferreira recebeu uma den\u00fancia da\u00a0<strong>Procuradoria-Geral da Rep\u00fablica (PGR)<\/strong>\u00a0ao Supremo Tribunal Federal (STF) por inj\u00faria ao presidente Luiz In\u00e1cio Lula da Silva. Durante um discurso em 2023, o parlamentar mineiro chamou Lula de \u201cladr\u00e3o\u201d.\u00a0<\/p>\n<p>Seus advogados apresentaram o nome do ex-tucano Geraldo Alckmin ao protocolarem a defesa formal do parlamentar nesta ter\u00e7a-feira, 24. Na pe\u00e7a jur\u00eddica, os advogados afirmam que as declara\u00e7\u00f5es do cliente, com cr\u00edticas a Lula, est\u00e3o sob imunidade parlamentar.<\/p>\n<p>Em uma fala na C\u00fapula Transatl\u00e2ntica, em evento da ONU em novembro do ano passado, nos Estados Unidos, Nikolas se referiu a Lula como \u201cum ladr\u00e3o que deveria estar na pris\u00e3o\u201d.<\/p>\n<p>A estrat\u00e9gia de defesa \u00e9 usar Alckmin como exemplo por suas declara\u00e7\u00f5es em dezembro de 2017. Na ocasi\u00e3o, o atual vice-presidente disputava as elei\u00e7\u00f5es presidenciais contra Lula. Em campanha, Alckmin ligou o petista a v\u00e1rios crimes por corrup\u00e7\u00e3o.\u00a0<\/p>\n<p>\u201cLula \u00e9 o retrato do PT, partido envolvido em corrup\u00e7\u00e3o sem compromisso com as quest\u00f5es de natureza \u00e9tica e sem limites\u201d, disse Alckmin, ao assumir, na \u00e9poca, a presid\u00eancia do PSDB.<\/p>\n<p>Os advogados de Nikolas argumentam que, no campo pol\u00edtico, \u00e9 comum os \u00e2nimos exaltados e os excessos lingu\u00edsticos. A defesa diz que o atual vice-presidente, \u201cem tempos n\u00e3o t\u00e3o remotos\u201d, chegou a estabelecer rela\u00e7\u00f5es entre o atual presidente \u201ccom o mundo do crime, em diversos momentos\u201d.<\/p>\n<p>Al\u00e9m de Geraldo Alckmin, os advogados de Nikolas Ferreira arrolaram outras testemunhas de defesa. Entre elas est\u00e3o o ex-presidente Michel Temer (MDB), o presidente da C\u00e2mara dos Deputados, Arthur Lira (Progressistas) e o deputado federal Lu\u00eds Tib\u00e9 (Avante-MG).<\/p>\n<p><strong><a href=\"https:\/\/revistaoeste.com\/politica\/defesa-de-nikolas-ferreira-chama-alckmin-para-testemunha-de-defesa-em-acao-de-lula-no-stf-entenda\/\">Source link<\/a><\/strong><\/p>\n<\/div>\n<p><br \/>\n<br \/><a href=\"https:\/\/paulofigueiredoshow.com\/defesa-de-nikolas-ferreira-chama-alckmin-para-testemunha-de-defesa-em-acao-de-lula-no-stf-entenda\/\">Source link <\/a><\/p>","protected":false},"excerpt":{"rendered":"<p>Foto &#8211; Tomaz Silva Advogados do deputado v\u00e3o usar declara\u00e7\u00f5es de 2017, quando o ex-tucano relacionou o petista a crimes de corrup\u00e7\u00e3o Os advogados do deputado federal Nikolas Ferreira (PL-MG)&hellip;<\/p>","protected":false},"author":1,"featured_media":41992,"comment_status":"closed","ping_status":"open","sticky":false,"template":"","format":"standard","meta":{"content-type":"","footnotes":""},"categories":[16],"tags":[],"class_list":["post-41991","post","type-post","status-publish","format-standard","has-post-thumbnail","hentry","category-noticias"],"_links":{"self":[{"href":"https:\/\/tvbrazilusa.com\/pt\/wp-json\/wp\/v2\/posts\/41991","targetHints":{"allow":["GET"]}}],"collection":[{"href":"https:\/\/tvbrazilusa.com\/pt\/wp-json\/wp\/v2\/posts"}],"about":[{"href":"https:\/\/tvbrazilusa.com\/pt\/wp-json\/wp\/v2\/types\/post"}],"author":[{"embeddable":true,"href":"https:\/\/tvbrazilusa.com\/pt\/wp-json\/wp\/v2\/users\/1"}],"replies":[{"embeddable":true,"href":"https:\/\/tvbrazilusa.com\/pt\/wp-json\/wp\/v2\/comments?post=41991"}],"version-history":[{"count":1,"href":"https:\/\/tvbrazilusa.com\/pt\/wp-json\/wp\/v2\/posts\/41991\/revisions"}],"predecessor-version":[{"id":41993,"href":"https:\/\/tvbrazilusa.com\/pt\/wp-json\/wp\/v2\/posts\/41991\/revisions\/41993"}],"wp:featuredmedia":[{"embeddable":true,"href":"https:\/\/tvbrazilusa.com\/pt\/wp-json\/wp\/v2\/media\/41992"}],"wp:attachment":[{"href":"https:\/\/tvbrazilusa.com\/pt\/wp-json\/wp\/v2\/media?parent=41991"}],"wp:term":[{"taxonomy":"category","embeddable":true,"href":"https:\/\/tvbrazilusa.com\/pt\/wp-json\/wp\/v2\/categories?post=41991"},{"taxonomy":"post_tag","embeddable":true,"href":"https:\/\/tvbrazilusa.com\/pt\/wp-json\/wp\/v2\/tags?post=41991"}],"curies":[{"name":"wp","href":"https:\/\/api.w.org\/{rel}","templated":true}]}}