{"id":42010,"date":"2024-09-26T15:34:01","date_gmt":"2024-09-26T15:34:01","guid":{"rendered":"https:\/\/tvbrazilusa.com\/2024\/09\/26\/lava-jato-juiz-admite-telefonema-para-intimidar-filho-de-desembargador-paulo-figueiredo\/"},"modified":"2024-09-26T15:48:39","modified_gmt":"2024-09-26T15:48:39","slug":"lava-jato-juiz-admite-telefonema-para-intimidar-filho-de-desembargador-paulo-figueiredo","status":"publish","type":"post","link":"https:\/\/tvbrazilusa.com\/pt\/2024\/09\/26\/lava-jato-juiz-admite-telefonema-para-intimidar-filho-de-desembargador-paulo-figueiredo\/","title":{"rendered":"Lava Jato: juiz admite telefonema para intimidar filho de desembargador &#8211; Paulo Figueiredo"},"content":{"rendered":"<p> <script async src=\"https:\/\/pagead2.googlesyndication.com\/pagead\/js\/adsbygoogle.js?client=ca-pub-8864793242727901\"\r\n     crossorigin=\"anonymous\"><\/script><br \/>\n<\/p>\n<div id=\"wtr-content\" data-bg=\"#FFFFFF\" data-fg=\"#006d91\" data-width=\"25\" data-mute=\"1\" data-fgopacity=\"1.00\" data-mutedopacity=\"0.5\" data-placement=\"bottom\" data-placement-offset=\"0\" data-content-offset=\"262\" data-placement-touch=\"bottom\" data-placement-offset-touch=\"0\" data-transparent=\"\" data-shadow=\"0\" data-touch=\"1\" data-non-touch=\"1\" data-comments=\"0\" data-commentsbg=\"transparent\" data-location=\"page\" data-mutedfg=\"#006d91\" data-endfg=\"#006d91\" data-rtl=\"\">\n<h3 class=\"wp-block-heading\">Eduardo Appio admite liga\u00e7\u00e3o que resultou em sua remo\u00e7\u00e3o da Vara respons\u00e1vel por julgar casos referentes \u00e0 opera\u00e7\u00e3o<\/h3>\n<p>O juiz federal Eduardo Appio revelou, pela primeira vez, que foi ele quem fez a liga\u00e7\u00e3o telef\u00f4nica ao advogado Jo\u00e3o Eduardo Barreto Malucelli. Esse epis\u00f3dio resultou na remo\u00e7\u00e3o do magistrado da 13\u00aa Vara de Curitiba, respons\u00e1vel por julgar casos referentes \u00e0 Opera\u00e7\u00e3o Lava Jato, e na interven\u00e7\u00e3o da corregedoria do Conselho Nacional de Justi\u00e7a.<\/p>\n<p>Appio ocupou o cargo de juiz titular da 13\u00aa Vara de Curitiba de fevereiro a maio de 2023. A mesma fun\u00e7\u00e3o havia sido ocupada pelo hoje senador\u00a0<strong>Sergio Moro<\/strong>\u00a0(Uni\u00e3o-PR). Jo\u00e3o Eduardo \u00e9 s\u00f3cio de Moro e filho do desembargador Marcelo Malucelli, atuante no<strong>\u00a0Tribunal Regional Federal da 4\u00aa Regi\u00e3o (TRF-4)<\/strong>\u00a0em processos da Lava Jato.<\/p>\n<p>Durante o programa\u00a0<em>Dando a Real<\/em>, exibido na TV Brasil, Appio tentou justificar o telefonema. Ele afirmou que fez a liga\u00e7\u00e3o porque n\u00e3o havia \u201cningu\u00e9m em quem confiar\u201d para verificar a rela\u00e7\u00e3o entre o advogado e o desembargador.<\/p>\n<p>O epis\u00f3dio da liga\u00e7\u00e3o gerou um processo administrativo disciplinar contra o juiz federal na corregedoria do TRF-4. No entanto, o magistrado conseguiu transferir o caso para an\u00e1lise da corregedoria do CNJ. No Conselho Nacional de Justi\u00e7a, o ent\u00e3o corregedor Lu\u00eds Felipe Salom\u00e3o conduziu uma audi\u00eancia de media\u00e7\u00e3o entre Appio e o TRF-4. A medida resultou em um acordo para encerrar o processo administrativo.<\/p>\n<h3 class=\"wp-block-heading\">Rela\u00e7\u00e3o com o PT<\/h3>\n<p>O magistrado reconheceu que o meio utilizado para a checagem foi inadequado. Na liga\u00e7\u00e3o, Appio se passou por outra pessoa para confirmar se estava falando com o filho do juiz Malucelli.<\/p>\n<p>Jo\u00e3o Eduardo gravou a liga\u00e7\u00e3o. Appio, no entanto, nunca havia admitido publicamente ter feito o telefonema, que foi interpretado pelo advogado como uma amea\u00e7a. Na TV Brasil, Appio justificou ainda que foi a \u00fanica alternativa encontrada naquele contexto.<\/p>\n<p>Appio \u00e9 publicamente cr\u00edtico dos m\u00e9todos da Lava Jato e das autoridades que ganharam notoriedade durante a investiga\u00e7\u00e3o. Ele assinou decis\u00f5es pol\u00eamicas na 13\u00aa Vara de Curitiba e se tornou alvo de pedido de suspei\u00e7\u00e3o pelo Minist\u00e9rio P\u00fablico Federal, que apontava seus v\u00ednculos com lideran\u00e7as do PT.<\/p>\n<p>Ele doou, por exemplo, para campanhas petistas \u00e0 presid\u00eancia da Rep\u00fablica em 2018 e 2022. At\u00e9 o in\u00edcio de 2023, Appio usava o login \u201cLUL2022\u201d para acessar o sistema da Justi\u00e7a Federal.<\/p>\n<h3 class=\"wp-block-heading\">Fora da vara da Lava Jato<\/h3>\n<p>Appio concordou em deixar a Vara da Lava Jato e, h\u00e1 meses, est\u00e1 \u00e0 frente da 18\u00aa Vara Federal de Curitiba, que trata de temas previdenci\u00e1rios. Indagado se havia arrependimento sobre a liga\u00e7\u00e3o ao filho do desembargador, Appio respondeu que \u201cobviamente que o meio utilizado n\u00e3o foi adequado\u201d.<\/p>\n<p>Durante sua participa\u00e7\u00e3o no programa da TV Brasil, Appio voltou a criticar a Lava Jato e afirmou ter \u201cind\u00edcios concretos de espionagem pol\u00edtica\u201d. No entanto, o magistrado n\u00e3o apresentou provas ou ind\u00edcios sobre isso.<\/p>\n<p><strong><a href=\"https:\/\/revistaoeste.com\/politica\/lava-jato-juiz-admite-telefonema-para-intimidar-filho-de-desembargador\/\">Source link<\/a><\/strong><\/p>\n<\/div>\n<p><br \/>\n<br \/><a href=\"https:\/\/paulofigueiredoshow.com\/lava-jato-juiz-admite-telefonema-para-intimidar-filho-de-desembargador\/\">Source link <\/a><\/p>","protected":false},"excerpt":{"rendered":"<p>Eduardo Appio admite liga\u00e7\u00e3o que resultou em sua remo\u00e7\u00e3o da Vara respons\u00e1vel por julgar casos referentes \u00e0 opera\u00e7\u00e3o O juiz federal Eduardo Appio revelou, pela primeira vez, que foi ele&hellip;<\/p>","protected":false},"author":1,"featured_media":42011,"comment_status":"closed","ping_status":"open","sticky":false,"template":"","format":"standard","meta":{"content-type":"","footnotes":""},"categories":[16],"tags":[5082,22186,22778,15466,22779,22780,5020,1378,22781,22782],"class_list":["post-42010","post","type-post","status-publish","format-standard","has-post-thumbnail","hentry","category-noticias","tag-cnj","tag-desembargador","tag-eduardo-appio","tag-filho","tag-intimidar","tag-joao-eduardo-barreto-malucelli","tag-lava-jato","tag-pt","tag-sergio-moro","tag-trf4"],"_links":{"self":[{"href":"https:\/\/tvbrazilusa.com\/pt\/wp-json\/wp\/v2\/posts\/42010","targetHints":{"allow":["GET"]}}],"collection":[{"href":"https:\/\/tvbrazilusa.com\/pt\/wp-json\/wp\/v2\/posts"}],"about":[{"href":"https:\/\/tvbrazilusa.com\/pt\/wp-json\/wp\/v2\/types\/post"}],"author":[{"embeddable":true,"href":"https:\/\/tvbrazilusa.com\/pt\/wp-json\/wp\/v2\/users\/1"}],"replies":[{"embeddable":true,"href":"https:\/\/tvbrazilusa.com\/pt\/wp-json\/wp\/v2\/comments?post=42010"}],"version-history":[{"count":1,"href":"https:\/\/tvbrazilusa.com\/pt\/wp-json\/wp\/v2\/posts\/42010\/revisions"}],"predecessor-version":[{"id":42012,"href":"https:\/\/tvbrazilusa.com\/pt\/wp-json\/wp\/v2\/posts\/42010\/revisions\/42012"}],"wp:featuredmedia":[{"embeddable":true,"href":"https:\/\/tvbrazilusa.com\/pt\/wp-json\/wp\/v2\/media\/42011"}],"wp:attachment":[{"href":"https:\/\/tvbrazilusa.com\/pt\/wp-json\/wp\/v2\/media?parent=42010"}],"wp:term":[{"taxonomy":"category","embeddable":true,"href":"https:\/\/tvbrazilusa.com\/pt\/wp-json\/wp\/v2\/categories?post=42010"},{"taxonomy":"post_tag","embeddable":true,"href":"https:\/\/tvbrazilusa.com\/pt\/wp-json\/wp\/v2\/tags?post=42010"}],"curies":[{"name":"wp","href":"https:\/\/api.w.org\/{rel}","templated":true}]}}