{"id":42022,"date":"2024-09-26T15:59:24","date_gmt":"2024-09-26T15:59:24","guid":{"rendered":"https:\/\/tvbrazilusa.com\/2024\/09\/26\/anatel-e-pf-enviam-ao-stf-relatorios-sobre-acessos-ao-twitter-x-durante-suspensao-paulo-figueiredo\/"},"modified":"2024-09-26T16:15:34","modified_gmt":"2024-09-26T16:15:34","slug":"anatel-e-pf-enviam-ao-stf-relatorios-sobre-acessos-ao-twitter-x-durante-suspensao-paulo-figueiredo","status":"publish","type":"post","link":"https:\/\/tvbrazilusa.com\/pt\/2024\/09\/26\/anatel-e-pf-enviam-ao-stf-relatorios-sobre-acessos-ao-twitter-x-durante-suspensao-paulo-figueiredo\/","title":{"rendered":"Anatel e PF enviam ao STF relat\u00f3rios sobre acessos ao Twitter\/X durante suspens\u00e3o &#8211; Paulo Figueiredo"},"content":{"rendered":"<p> <script async src=\"https:\/\/pagead2.googlesyndication.com\/pagead\/js\/adsbygoogle.js?client=ca-pub-8864793242727901\"\r\n     crossorigin=\"anonymous\"><\/script><br \/>\n<\/p>\n<div id=\"wtr-content\" data-bg=\"#FFFFFF\" data-fg=\"#006d91\" data-width=\"25\" data-mute=\"1\" data-fgopacity=\"1.00\" data-mutedopacity=\"0.5\" data-placement=\"bottom\" data-placement-offset=\"0\" data-content-offset=\"262\" data-placement-touch=\"bottom\" data-placement-offset-touch=\"0\" data-transparent=\"\" data-shadow=\"0\" data-touch=\"1\" data-non-touch=\"1\" data-comments=\"0\" data-commentsbg=\"transparent\" data-location=\"page\" data-mutedfg=\"#006d91\" data-endfg=\"#006d91\" data-rtl=\"\">\n<h3 class=\"wp-block-heading\">Agentes e t\u00e9cnicos trabalham para identificar usu\u00e1rios<\/h3>\n<p>Nesta quarta-feira, 25, o\u00a0<strong>Supremo Tribunal Federal (STF)<\/strong>\u00a0recebeu relat\u00f3rios sobre os acessos de usu\u00e1rios ao Twitter\/X durante a suspens\u00e3o da plataforma.<\/p>\n<p>Os documentos s\u00e3o da Pol\u00edcia Federal (PF) e Anatel, que t\u00eam mapeado a\u00a0<strong>rede desde que ela voltou a funcionar,<\/strong>\u00a0em virtude de mudan\u00e7a de IP.<\/p>\n<p>A Justi\u00e7a apura se o restabelecimento tempor\u00e1rio dos servi\u00e7os da\u00a0<em>big tech\u00a0<\/em>no Brasil foi proposital. No entanto, Moraes multou o Twitter\/X em R$ 5 milh\u00f5es devido \u00e0 possibilidade de as pessoas voltarem a publicar.<\/p>\n<p>Desde o fim de agosto,\u00a0<strong>o X est\u00e1 fora do ar no pa\u00eds, por ordem do ministro Alexandre de Moraes.<\/strong>\u00a0De acordo com o juiz do STF, o dono do Twitter\/X, Elon Musk, descumpriu ordens do STF, como derrubar perfis considerados extremistas, al\u00e9m de n\u00e3o ter representante legal no Brasil. H\u00e1 poucos dias, por\u00e9m, Musk decidiu indicar uma pessoa. Em um despacho, Moraes mandou a empresa enviar novas informa\u00e7\u00f5es a fim de validar a escolha.<\/p>\n<h3 class=\"wp-block-heading\">PF mapeia Twitter<\/h3>\n<p>Com a autoriza\u00e7\u00e3o de Moraes, agentes da PF est\u00e3o mapeando o Twitter\/X a fim de elaborar um diagn\u00f3stico mais preciso. O pedido partiu da Procuradoria-Geral da Rep\u00fablica (PGR). \u00c0 Corte, a PGR definiu quais condutas devem ser apuradas e punidas.<\/p>\n<p>Dessa forma, Moraes poder\u00e1 aplicar a multa de R$ 50 mil a quem estiver descumprimento a decis\u00e3o.<\/p>\n<p><strong><a href=\"https:\/\/revistaoeste.com\/politica\/pf-e-anatel-entregam-relatorios-ao-stf-sobre-acessos-ao-twitter\/?utm_campaign&#038;utm_term\">Source link<\/a><\/strong><\/p>\n<\/div>\n<p><br \/>\n<br \/><a href=\"https:\/\/paulofigueiredoshow.com\/anatel-e-pf-enviam-ao-stf-relatorios-sobre-acessos-ao-twitter-x-durante-suspensao\/\">Source link <\/a><\/p>","protected":false},"excerpt":{"rendered":"<p>Agentes e t\u00e9cnicos trabalham para identificar usu\u00e1rios Nesta quarta-feira, 25, o\u00a0Supremo Tribunal Federal (STF)\u00a0recebeu relat\u00f3rios sobre os acessos de usu\u00e1rios ao Twitter\/X durante a suspens\u00e3o da plataforma. Os documentos s\u00e3o&hellip;<\/p>","protected":false},"author":1,"featured_media":42023,"comment_status":"closed","ping_status":"open","sticky":false,"template":"","format":"standard","meta":{"content-type":"","footnotes":""},"categories":[16],"tags":[22801,17464,425,1838,871,4895,4188],"class_list":["post-42022","post","type-post","status-publish","format-standard","has-post-thumbnail","hentry","category-noticias","tag-apurar","tag-banimento","tag-moraes","tag-multa","tag-stf","tag-twitter","tag-x"],"_links":{"self":[{"href":"https:\/\/tvbrazilusa.com\/pt\/wp-json\/wp\/v2\/posts\/42022","targetHints":{"allow":["GET"]}}],"collection":[{"href":"https:\/\/tvbrazilusa.com\/pt\/wp-json\/wp\/v2\/posts"}],"about":[{"href":"https:\/\/tvbrazilusa.com\/pt\/wp-json\/wp\/v2\/types\/post"}],"author":[{"embeddable":true,"href":"https:\/\/tvbrazilusa.com\/pt\/wp-json\/wp\/v2\/users\/1"}],"replies":[{"embeddable":true,"href":"https:\/\/tvbrazilusa.com\/pt\/wp-json\/wp\/v2\/comments?post=42022"}],"version-history":[{"count":1,"href":"https:\/\/tvbrazilusa.com\/pt\/wp-json\/wp\/v2\/posts\/42022\/revisions"}],"predecessor-version":[{"id":42024,"href":"https:\/\/tvbrazilusa.com\/pt\/wp-json\/wp\/v2\/posts\/42022\/revisions\/42024"}],"wp:featuredmedia":[{"embeddable":true,"href":"https:\/\/tvbrazilusa.com\/pt\/wp-json\/wp\/v2\/media\/42023"}],"wp:attachment":[{"href":"https:\/\/tvbrazilusa.com\/pt\/wp-json\/wp\/v2\/media?parent=42022"}],"wp:term":[{"taxonomy":"category","embeddable":true,"href":"https:\/\/tvbrazilusa.com\/pt\/wp-json\/wp\/v2\/categories?post=42022"},{"taxonomy":"post_tag","embeddable":true,"href":"https:\/\/tvbrazilusa.com\/pt\/wp-json\/wp\/v2\/tags?post=42022"}],"curies":[{"name":"wp","href":"https:\/\/api.w.org\/{rel}","templated":true}]}}