{"id":42025,"date":"2024-09-26T16:28:58","date_gmt":"2024-09-26T16:28:58","guid":{"rendered":"https:\/\/tvbrazilusa.com\/2024\/09\/26\/pf-e-anatel-enviam-ao-stf-relatorios-sobre-acesso-de-brasileiros-ao-x-apesar-de-bloqueio\/"},"modified":"2024-09-26T16:28:59","modified_gmt":"2024-09-26T16:28:59","slug":"pf-e-anatel-enviam-ao-stf-relatorios-sobre-acesso-de-brasileiros-ao-x-apesar-de-bloqueio","status":"publish","type":"post","link":"https:\/\/tvbrazilusa.com\/pt\/2024\/09\/26\/pf-e-anatel-enviam-ao-stf-relatorios-sobre-acesso-de-brasileiros-ao-x-apesar-de-bloqueio\/","title":{"rendered":"PF e Anatel enviam ao STF relat\u00f3rios sobre acesso de brasileiros ao X apesar de bloqueio"},"content":{"rendered":"<p> <script async src=\"https:\/\/pagead2.googlesyndication.com\/pagead\/js\/adsbygoogle.js?client=ca-pub-8864793242727901\"\r\n     crossorigin=\"anonymous\"><\/script><br \/>\n<\/p>\n<div id=\"taboola-read-more\" style=\"display:block; width:100%\">\n<p>A Pol\u00edcia Federal (PF) e a Anatel (Ag\u00eancia Nacional de Telecomunica\u00e7\u00f5es) apresentaram na quarta-feira (25) ao Supremo Tribunal Federal (STF) relat\u00f3rios sobre o acesso dos brasileiros \u00e0 plataforma X, rede social que est\u00e1 suspensa no pa\u00eds desde o final de agosto.\n<\/p>\n<p>A PF investiga quem continua a postar na rede social apesar do bloqueio, enquanto a Anatel informou ao STF que, ap\u00f3s apura\u00e7\u00e3o junto \u00e0s operadoras, confirmou que a suspens\u00e3o do servi\u00e7o foi efetivada, apresentando uma lista das empresas verificadas quanto \u00e0 execu\u00e7\u00e3o do bloqueio.<\/p>\n<p>Recentemente, o X voltou a ficar dispon\u00edvel para usu\u00e1rios, de forma que a Anatel considera intencionalmente violadora da decis\u00e3o do STF.\n<\/p>\n<p>O X teria migrado seus servidores para um novo endere\u00e7o de IP, o que permitiu driblar o bloqueio imposto pelas operadoras no Brasil.\n<\/p>\n<p>Em resposta, Alexandre de Moraes, do STF, estabeleceu uma multa di\u00e1ria de R$ 5 milh\u00f5es em caso de descumprimento.\n<\/p>\n<p>O bloqueio do X decorre do n\u00e3o cumprimento de legisla\u00e7\u00e3o que exige que empresas internacionais tenham um representante no Brasil, al\u00e9m de n\u00e3o acatar decis\u00f5es judiciais que ordenam o bloqueio de perfis de investigados.\n<\/p>\n<p>Na sexta passada, o X informou que uma advogada voltar\u00e1 a representar a empresa no Brasil. Moraes solicitou dados \u00e0 Receita Federal, ao Banco Central, \u00e0 PF, \u00e0 Anatel e \u00e0 pr\u00f3pria plataforma.\n<\/p>\n<p>At\u00e9 que toda a documenta\u00e7\u00e3o seja recebida, o acesso continua proibido e ser\u00e1 reavaliado pelo ministro.\n<\/p>\n<p>A Pol\u00edcia Federal tamb\u00e9m est\u00e1 levantando informa\u00e7\u00f5es sobre quem ainda est\u00e1 fazendo postagens, a fim de avaliar, entre outros aspectos, se essas postagens foram feitas do Brasil e se houve uso de tecnologias como VPN para contornar o bloqueio.\n<\/p>\n<p>A investiga\u00e7\u00e3o da PF se concentra na identifica\u00e7\u00e3o de usu\u00e1rios que fraudam a decis\u00e3o, publicando \u201cdiscursos de \u00f3dio\u201d e disseminando \u201cdesinforma\u00e7\u00e3o\u201d, especialmente em rela\u00e7\u00e3o a poss\u00edveis impactos nas elei\u00e7\u00f5es.\n<\/p>\n<p>A Procuradoria Geral da Rep\u00fablica (PGR) informou que a PF deve monitorar essas situa\u00e7\u00f5es e, ap\u00f3s a identifica\u00e7\u00e3o dos usu\u00e1rios, proceder com notifica\u00e7\u00f5es.\n<\/p>\n<p>Se houver insist\u00eancia nas condutas irregulares, os usu\u00e1rios poder\u00e3o ser multados e responsabilizados.\n<\/p>\n<p>Fonte: Gazeta Brasil <\/p>\n<\/div>\n<p><br \/>\n<br \/><a href=\"https:\/\/diariodobrasilnoticias.com.br\/noticia\/pf-e-anatel-enviam-ao-stf-relatorios-sobre-acesso-de-brasileiros-ao-x-apesar-de-bloqueio-66f562bce56e7\">Source link <\/a><\/p>","protected":false},"excerpt":{"rendered":"<p>A Pol\u00edcia Federal (PF) e a Anatel (Ag\u00eancia Nacional de Telecomunica\u00e7\u00f5es) apresentaram na quarta-feira (25) ao Supremo Tribunal Federal (STF) relat\u00f3rios sobre o acesso dos brasileiros \u00e0 plataforma X, rede&hellip;<\/p>","protected":false},"author":1,"featured_media":42026,"comment_status":"closed","ping_status":"open","sticky":false,"template":"","format":"standard","meta":{"content-type":"","footnotes":""},"categories":[16],"tags":[123,2448,5313,1267],"class_list":["post-42025","post","type-post","status-publish","format-standard","has-post-thumbnail","hentry","category-noticias","tag-brasil","tag-diario","tag-noticia","tag-noticias"],"_links":{"self":[{"href":"https:\/\/tvbrazilusa.com\/pt\/wp-json\/wp\/v2\/posts\/42025","targetHints":{"allow":["GET"]}}],"collection":[{"href":"https:\/\/tvbrazilusa.com\/pt\/wp-json\/wp\/v2\/posts"}],"about":[{"href":"https:\/\/tvbrazilusa.com\/pt\/wp-json\/wp\/v2\/types\/post"}],"author":[{"embeddable":true,"href":"https:\/\/tvbrazilusa.com\/pt\/wp-json\/wp\/v2\/users\/1"}],"replies":[{"embeddable":true,"href":"https:\/\/tvbrazilusa.com\/pt\/wp-json\/wp\/v2\/comments?post=42025"}],"version-history":[{"count":1,"href":"https:\/\/tvbrazilusa.com\/pt\/wp-json\/wp\/v2\/posts\/42025\/revisions"}],"predecessor-version":[{"id":42027,"href":"https:\/\/tvbrazilusa.com\/pt\/wp-json\/wp\/v2\/posts\/42025\/revisions\/42027"}],"wp:featuredmedia":[{"embeddable":true,"href":"https:\/\/tvbrazilusa.com\/pt\/wp-json\/wp\/v2\/media\/42026"}],"wp:attachment":[{"href":"https:\/\/tvbrazilusa.com\/pt\/wp-json\/wp\/v2\/media?parent=42025"}],"wp:term":[{"taxonomy":"category","embeddable":true,"href":"https:\/\/tvbrazilusa.com\/pt\/wp-json\/wp\/v2\/categories?post=42025"},{"taxonomy":"post_tag","embeddable":true,"href":"https:\/\/tvbrazilusa.com\/pt\/wp-json\/wp\/v2\/tags?post=42025"}],"curies":[{"name":"wp","href":"https:\/\/api.w.org\/{rel}","templated":true}]}}