{"id":42045,"date":"2024-09-26T15:53:28","date_gmt":"2024-09-26T15:53:28","guid":{"rendered":"https:\/\/tvbrazilusa.com\/2024\/09\/26\/milei-enfrenta-a-onu-e-denuncia-cumplicidade-com-as-ditaduras-sanguinarias-de-cuba-e-venezuela-paulo-figueiredo\/"},"modified":"2024-09-26T17:21:58","modified_gmt":"2024-09-26T17:21:58","slug":"milei-enfrenta-a-onu-e-denuncia-cumplicidade-com-as-ditaduras-sanguinarias-de-cuba-e-venezuela-paulo-figueiredo","status":"publish","type":"post","link":"https:\/\/tvbrazilusa.com\/pt\/2024\/09\/26\/milei-enfrenta-a-onu-e-denuncia-cumplicidade-com-as-ditaduras-sanguinarias-de-cuba-e-venezuela-paulo-figueiredo\/","title":{"rendered":"Milei Enfrenta a ONU e Denuncia Cumplicidade com as &#8220;Ditaduras Sanguin\u00e1rias&#8221; de Cuba e Venezuela &#8211; Paulo Figueiredo"},"content":{"rendered":"<p> <script async src=\"https:\/\/pagead2.googlesyndication.com\/pagead\/js\/adsbygoogle.js?client=ca-pub-8864793242727901\"\r\n     crossorigin=\"anonymous\"><\/script><br \/>\n<\/p>\n<div id=\"wtr-content\" data-bg=\"#FFFFFF\" data-fg=\"#006d91\" data-width=\"25\" data-mute=\"1\" data-fgopacity=\"1.00\" data-mutedopacity=\"0.5\" data-placement=\"bottom\" data-placement-offset=\"0\" data-content-offset=\"262\" data-placement-touch=\"bottom\" data-placement-offset-touch=\"0\" data-transparent=\"\" data-shadow=\"0\" data-touch=\"1\" data-non-touch=\"1\" data-comments=\"0\" data-commentsbg=\"transparent\" data-location=\"page\" data-mutedfg=\"#006d91\" data-endfg=\"#006d91\" data-rtl=\"\">\n<p class=\"has-small-font-size\">Foto \u2013 Reprodu\u00e7\u00e3o\/Twitter\/X<\/p>\n<p>O presidente da Argentina, Javier Milei, acusou nesta ter\u00e7a-feira a Organiza\u00e7\u00e3o das Na\u00e7\u00f5es Unidas (ONU) de promover uma \u201cagenda socialista\u201d, referindo-se \u00e0 Agenda 2030, que segundo ele, \u201cobedece a interesses privilegiados\u201d. Ele tamb\u00e9m afirmou que a Argentina deixar\u00e1 sua posi\u00e7\u00e3o de \u201cneutralidade hist\u00f3rica\u201d.<\/p>\n<p>\u201cEm algum momento, como costuma acontecer com a maioria das estruturas burocr\u00e1ticas que os homens criam, esta organiza\u00e7\u00e3o deixou de zelar pelos princ\u00edpios enunciados em sua declara\u00e7\u00e3o fundadora e come\u00e7ou a se transformar\u201d, destacou Milei durante seu discurso na 79\u00aa Assembleia Geral da ONU.<\/p>\n<p>Ele criticou que a ONU se tornou \u201cum leviat\u00e3 com m\u00faltiplos tent\u00e1culos que pretende decidir n\u00e3o apenas o que cada Estado-na\u00e7\u00e3o deve fazer, mas tamb\u00e9m como todos os cidad\u00e3os do mundo devem viver\u201d.<\/p>\n<p>Milei afirmou que, embora a Agenda 2030 tenha boas inten\u00e7\u00f5es em suas metas, ela \u00e9 \u201cum programa de governo supranacional de vi\u00e9s socialista que tenta resolver os problemas da modernidade com solu\u00e7\u00f5es que atentam contra a soberania e violam o direito \u00e0 vida, \u00e0 liberdade e \u00e0 propriedade das pessoas\u201d.<\/p>\n<p>Al\u00e9m disso, o presidente argentino declarou que a ado\u00e7\u00e3o dessa agenda \u201cobedece a interesses privilegiados\u201d. \u201cO coletivismo e o moralismo da agenda \u2018woke\u2019 colidiram com a realidade e j\u00e1 n\u00e3o t\u00eam solu\u00e7\u00f5es cr\u00edveis para os problemas reais do mundo. Na verdade, nunca as tiveram\u201d, afirmou.<\/p>\n<p>Milei tamb\u00e9m criticou o <em>Pacto do Futuro<\/em>, assinado no domingo, e anunciou que a Argentina \u201cvai abandonar a posi\u00e7\u00e3o de neutralidade hist\u00f3rica\u201d e estar\u00e1 \u201cna vanguarda da luta em defesa da liberdade\u201d.<\/p>\n<p>\u201cArgentina n\u00e3o apoiar\u00e1 nenhuma pol\u00edtica que implique a restri\u00e7\u00e3o das liberdades individuais, do com\u00e9rcio, ou que viole os direitos naturais dos indiv\u00edduos. N\u00e3o importa quem a promova nem quanto consenso essa institui\u00e7\u00e3o tenha\u201d, declarou Milei.<\/p>\n<p>O presidente argentino ainda acusou a ONU de permitir que \u201cditaduras sanguin\u00e1rias como Cuba e Venezuela\u201d ocupem assentos no Conselho de Direitos Humanos \u201csem a menor reprova\u00e7\u00e3o\u201d. Ele tamb\u00e9m criticou a presen\u00e7a de \u201cpa\u00edses que punem suas mulheres por mostrarem a pele\u201d no Comit\u00ea para a Elimina\u00e7\u00e3o da Discrimina\u00e7\u00e3o contra a Mulher.<\/p>\n<p>Milei ainda mencionou que a ONU votou contra Israel, que \u00e9, segundo ele, \u201co \u00fanico pa\u00eds no Oriente M\u00e9dio que defende a democracia liberal\u201d, ao mesmo tempo em que demonstrou \u201cincapacidade total de responder \u00e0 amea\u00e7a do terrorismo\u201d.<\/p>\n<p><strong><a href=\"https:\/\/gaceta.es\/iberosfera\/milei-planta-cara-en-la-onu-a-la-agenda-2030-y-la-complicidad-con-las-dictaduras-sangrientas-de-cuba-y-venezuela-20240925-0016\/\">Source link<\/a><\/strong><\/p>\n<\/div>\n<p><br \/>\n<br \/><a href=\"https:\/\/paulofigueiredoshow.com\/milei-enfrenta-a-onu-e-denuncia-cumplicidade-com-as-ditaduras-sanguinarias-de-cuba-e-venezuela\/\">Source link <\/a><\/p>","protected":false},"excerpt":{"rendered":"<p>Foto \u2013 Reprodu\u00e7\u00e3o\/Twitter\/X O presidente da Argentina, Javier Milei, acusou nesta ter\u00e7a-feira a Organiza\u00e7\u00e3o das Na\u00e7\u00f5es Unidas (ONU) de promover uma \u201cagenda socialista\u201d, referindo-se \u00e0 Agenda 2030, que segundo ele,&hellip;<\/p>","protected":false},"author":1,"featured_media":42046,"comment_status":"closed","ping_status":"open","sticky":false,"template":"","format":"standard","meta":{"content-type":"","footnotes":""},"categories":[16],"tags":[1736,2045,22824,3942,831,5304],"class_list":["post-42045","post","type-post","status-publish","format-standard","has-post-thumbnail","hentry","category-noticias","tag-argentina","tag-cuba","tag-cumplicidade","tag-ditaduras","tag-milei","tag-onu"],"_links":{"self":[{"href":"https:\/\/tvbrazilusa.com\/pt\/wp-json\/wp\/v2\/posts\/42045","targetHints":{"allow":["GET"]}}],"collection":[{"href":"https:\/\/tvbrazilusa.com\/pt\/wp-json\/wp\/v2\/posts"}],"about":[{"href":"https:\/\/tvbrazilusa.com\/pt\/wp-json\/wp\/v2\/types\/post"}],"author":[{"embeddable":true,"href":"https:\/\/tvbrazilusa.com\/pt\/wp-json\/wp\/v2\/users\/1"}],"replies":[{"embeddable":true,"href":"https:\/\/tvbrazilusa.com\/pt\/wp-json\/wp\/v2\/comments?post=42045"}],"version-history":[{"count":1,"href":"https:\/\/tvbrazilusa.com\/pt\/wp-json\/wp\/v2\/posts\/42045\/revisions"}],"predecessor-version":[{"id":42047,"href":"https:\/\/tvbrazilusa.com\/pt\/wp-json\/wp\/v2\/posts\/42045\/revisions\/42047"}],"wp:featuredmedia":[{"embeddable":true,"href":"https:\/\/tvbrazilusa.com\/pt\/wp-json\/wp\/v2\/media\/42046"}],"wp:attachment":[{"href":"https:\/\/tvbrazilusa.com\/pt\/wp-json\/wp\/v2\/media?parent=42045"}],"wp:term":[{"taxonomy":"category","embeddable":true,"href":"https:\/\/tvbrazilusa.com\/pt\/wp-json\/wp\/v2\/categories?post=42045"},{"taxonomy":"post_tag","embeddable":true,"href":"https:\/\/tvbrazilusa.com\/pt\/wp-json\/wp\/v2\/tags?post=42045"}],"curies":[{"name":"wp","href":"https:\/\/api.w.org\/{rel}","templated":true}]}}