{"id":42088,"date":"2024-09-26T19:47:41","date_gmt":"2024-09-26T19:47:41","guid":{"rendered":"https:\/\/tvbrazilusa.com\/2024\/09\/26\/sozinha-na-escocia-uma-jornalista-solicitou-emprego-por-medo-de-ficar-sem-teto\/"},"modified":"2024-09-26T19:47:42","modified_gmt":"2024-09-26T19:47:42","slug":"sozinha-na-escocia-uma-jornalista-solicitou-emprego-por-medo-de-ficar-sem-teto","status":"publish","type":"post","link":"https:\/\/tvbrazilusa.com\/pt\/2024\/09\/26\/sozinha-na-escocia-uma-jornalista-solicitou-emprego-por-medo-de-ficar-sem-teto\/","title":{"rendered":"Sozinha na Esc\u00f3cia, uma jornalista solicitou emprego por medo de ficar sem-teto"},"content":{"rendered":"<p> <script async src=\"https:\/\/pagead2.googlesyndication.com\/pagead\/js\/adsbygoogle.js?client=ca-pub-8864793242727901\"\r\n     crossorigin=\"anonymous\"><\/script><br \/>\n<\/p>\n<div id=\"taboola-read-more\" style=\"display:block; width:100%\">\n<p>S\u00e3o Paulo \u2014 O Metr\u00f3poles teve acesso aos \u00faltimos posts feitos por Nathalia Urban, jornalista brasileira que morreu nessa quarta-feira (25\/9) em Edimburgo, na Esc\u00f3cia. Em publica\u00e7\u00f5es nas redes sociais, Nathalia falou sobre o fim do seu relacionamento e disse estar \u201cdesesperada\u201d para conseguir um emprego \u2013 caso contr\u00e1rio, temia ficar \u201csem teto\u201d.\n<\/p>\n<p>A jornalista era correspondente do Brasil 247 e vivia na Esc\u00f3cia. Neste m\u00eas, ela se casou com seu ent\u00e3o companheiro, Damien Minards, australiano e tamb\u00e9m jornalista. No entanto, o casal se divorciou ainda durante a lua de mel, em uma viagem para a Tun\u00edsia.<\/p>\n<p>Ao voltar para a Esc\u00f3cia, Nathalia faleceu por raz\u00f5es ainda desconhecidas. De acordo com o Brasil 247, a jornalista precisou ser assistida por aparelhos e, na quarta-feira, n\u00e3o resistiu. Seus \u00f3rg\u00e3os ser\u00e3o doados, no que o jornal chamou de \u201c\u00faltimo gesto de humanidade\u201d.\n<\/p>\n<p>No \u00faltimo domingo (22\/9), Nathalia exp\u00f4s os problemas pelos quais estava passando nas redes sociais. Em um post, a jornalista disse ter terminado seu longo relacionamento com Damien, que deixaria o Reino Unido em decorr\u00eancia do rompimento.\n<\/p>\n<p>\u201cEu preciso me reorganizar financeiramente o mais r\u00e1pido poss\u00edvel ou vou acabar sem teto. Por favor, se algu\u00e9m estiver contratando na Esc\u00f3cia, \u00e9 s\u00f3 me dar um grito, estou desesperada\u201d, diz trecho da postagem.\n<\/p>\n<p>\u00a0<\/p>\n<p>Nove minutos depois, Nathalia fez nova postagem em resposta \u00e0 primeira: \u201cEstou realmente desesperada, essa situa\u00e7\u00e3o toda \u00e9 demais\u201d.\n<\/p>\n<p>Em uma terceira publica\u00e7\u00e3o, j\u00e1 na madrugada de segunda (23\/9), ela disse: \u201cAcho que nunca fiquei t\u00e3o deprimida na minha vida\u201d.\n<\/p>\n<p>O\u00a0<strong>Metr\u00f3poles<\/strong>\u00a0contatou as autoridades de sa\u00fade da Esc\u00f3cia e o Itamaraty para questionar sobre a causa da morte de Nathalia, mas n\u00e3o teve retorno at\u00e9 a publica\u00e7\u00e3o desta reportagem.\n<\/p>\n<p><strong>Metr\u00f3poles\u00a0<\/strong> <\/p>\n<\/div>\n<p><br \/>\n<br \/><a href=\"https:\/\/diariodobrasilnoticias.com.br\/noticia\/sozinha-na-escocia-uma-jornalista-solicitou-emprego-por-medo-de-ficar-sem-teto-66f59f56f1854\">Source link <\/a><\/p>","protected":false},"excerpt":{"rendered":"<p>S\u00e3o Paulo \u2014 O Metr\u00f3poles teve acesso aos \u00faltimos posts feitos por Nathalia Urban, jornalista brasileira que morreu nessa quarta-feira (25\/9) em Edimburgo, na Esc\u00f3cia. Em publica\u00e7\u00f5es nas redes sociais,&hellip;<\/p>","protected":false},"author":1,"featured_media":42089,"comment_status":"closed","ping_status":"open","sticky":false,"template":"","format":"standard","meta":{"content-type":"","footnotes":""},"categories":[16],"tags":[123,2448,5313,1267],"class_list":["post-42088","post","type-post","status-publish","format-standard","has-post-thumbnail","hentry","category-noticias","tag-brasil","tag-diario","tag-noticia","tag-noticias"],"_links":{"self":[{"href":"https:\/\/tvbrazilusa.com\/pt\/wp-json\/wp\/v2\/posts\/42088","targetHints":{"allow":["GET"]}}],"collection":[{"href":"https:\/\/tvbrazilusa.com\/pt\/wp-json\/wp\/v2\/posts"}],"about":[{"href":"https:\/\/tvbrazilusa.com\/pt\/wp-json\/wp\/v2\/types\/post"}],"author":[{"embeddable":true,"href":"https:\/\/tvbrazilusa.com\/pt\/wp-json\/wp\/v2\/users\/1"}],"replies":[{"embeddable":true,"href":"https:\/\/tvbrazilusa.com\/pt\/wp-json\/wp\/v2\/comments?post=42088"}],"version-history":[{"count":1,"href":"https:\/\/tvbrazilusa.com\/pt\/wp-json\/wp\/v2\/posts\/42088\/revisions"}],"predecessor-version":[{"id":42090,"href":"https:\/\/tvbrazilusa.com\/pt\/wp-json\/wp\/v2\/posts\/42088\/revisions\/42090"}],"wp:featuredmedia":[{"embeddable":true,"href":"https:\/\/tvbrazilusa.com\/pt\/wp-json\/wp\/v2\/media\/42089"}],"wp:attachment":[{"href":"https:\/\/tvbrazilusa.com\/pt\/wp-json\/wp\/v2\/media?parent=42088"}],"wp:term":[{"taxonomy":"category","embeddable":true,"href":"https:\/\/tvbrazilusa.com\/pt\/wp-json\/wp\/v2\/categories?post=42088"},{"taxonomy":"post_tag","embeddable":true,"href":"https:\/\/tvbrazilusa.com\/pt\/wp-json\/wp\/v2\/tags?post=42088"}],"curies":[{"name":"wp","href":"https:\/\/api.w.org\/{rel}","templated":true}]}}