{"id":42091,"date":"2024-09-26T20:00:57","date_gmt":"2024-09-26T20:00:57","guid":{"rendered":"https:\/\/tvbrazilusa.com\/2024\/09\/26\/premio-sakharov-de-direitos-humanos-a-direita-indica-elon-musk-e-urrutia\/"},"modified":"2024-09-26T20:00:58","modified_gmt":"2024-09-26T20:00:58","slug":"premio-sakharov-de-direitos-humanos-a-direita-indica-elon-musk-e-urrutia","status":"publish","type":"post","link":"https:\/\/tvbrazilusa.com\/pt\/2024\/09\/26\/premio-sakharov-de-direitos-humanos-a-direita-indica-elon-musk-e-urrutia\/","title":{"rendered":"Pr\u00eamio Sakharov de direitos humanos: a direita indica Elon Musk e Urrutia"},"content":{"rendered":"<p> <script async src=\"https:\/\/pagead2.googlesyndication.com\/pagead\/js\/adsbygoogle.js?client=ca-pub-8864793242727901\"\r\n     crossorigin=\"anonymous\"><\/script><br \/>\n<\/p>\n<div id=\"content_post\">\n<p>A direita nacionalista europeia, incluindo o grupo liderado pelo franc\u00eas Jordan Bardella, aliado de Marine Le Pen, prop\u00f4s atribuir ao bilion\u00e1rio Elon Musk o Pr\u00eamio Sakharov de direitos humanos, pela sua contribui\u00e7\u00e3o para a \u201cliberdade de express\u00e3o\u201d.\n<\/p>\n<p>Esta quinta-feira, 26 de setembro, todos os grupos pol\u00edticos apresentaram os seus candidatos a este prestigioso pr\u00eamio atribu\u00eddo todos os anos pelo Parlamento Europeu aos defensores dos direitos humanos e da liberdade de pensamento.<\/p>\n<p>Na direita radical, os Patriotas e o pequeno grupo \u201cEuropa das Na\u00e7\u00f5es Soberanas\u201d optaram por Elon Musk, o fervoroso apoiador de Donald Trump e pol\u00eamico dono da rede social X, Tesla e SpaceX.\n<\/p>\n<p>Musk est\u00e1, no entanto, em conflito aberto com a Comiss\u00e3o Europeia, que pode impor uma multa gigantesca a X por poss\u00edveis viola\u00e7\u00f5es do seu novo regulamento sobre servi\u00e7os digitais. \u201cN\u00e3o \u00e9 um desprezo\u201d \u00e0 Comiss\u00e3o, garante o eurodeputado RN\/Patriots Thierry Mariani. Elon Musk est\u00e1 \u201ctrabalhando\u201d com X para um \u201cdebate verdadeiramente livre e independente\u201d, enquanto \u201ca liberdade de express\u00e3o est\u00e1 amea\u00e7ada pela ideologia woke e pelo islamismo fundamentalista\u201d, acredita.\n<\/p>\n<h2 id=\"h-edmundo-gonzalez-urrutia\" class=\"wp-block-heading\">Edmundo Gonz\u00e1lez Urrutia<\/h2>\n<p>O ECR, por sua vez, grupo do qual faz parte o Fratelli d\u2019Italia, partido de direita de Giorgia Meloni, prop\u00f4s, por sua vez, Edmundo Gonz\u00e1lez Urrutia, o candidato da oposi\u00e7\u00e3o venezuelana nas elei\u00e7\u00f5es presidenciais de julho.\n<\/p>\n<p>O Parlamento Europeu votou recentemente em Estrasburgo uma resolu\u00e7\u00e3o simb\u00f3lica para reconhec\u00ea-lo como \u201co presidente leg\u00edtimo e democraticamente eleito\u201d, enfrentando Nicol\u00e1s Maduro, proclamado fraudulentamente como vencedor. O PPE, partido de centro direita e for\u00e7a dirigente no Parlamento, tamb\u00e9m escolheu Urrutia, acrescentando a l\u00edder da oposi\u00e7\u00e3o venezuelana, Maria Corina Machado.\n<\/p>\n<p>Os centristas da Renew Europe e os social-democratas de esquerda defendem \u201cMulheres Wage Peace\u201d e \u201cMulheres do Sol\u201d, duas organiza\u00e7\u00f5es israelenses e palestinas que trabalham pela paz no Oriente M\u00e9dio.\n<\/p>\n<p>Os Verdes, por sua vez, apoiam Gubad Ibadoghlu, economista e ativista detido no Azerbaij\u00e3o. O grupo esquerda radical prop\u00f5e \u201cjornalistas na Palestina\u201d, incluindo v\u00e1rios jornalistas que morreram cobrindo a guerra em Gaza.\n<\/p>\n<p>Uma vota\u00e7\u00e3o para selecionar tr\u00eas finalistas ocorrer\u00e1 em 17 de outubro, antes do an\u00fancio do vencedor em 24 de outubro e uma cerim\u00f4nia de premia\u00e7\u00e3o em 18 de dezembro.\n<\/p>\n<p>No ano passado, o pr\u00eamio foi atribu\u00eddo a Mahsa Amini, uma jovem curda iraniana que morreu em 2022, e ao movimento \u201cMulher, Liberdade de Vida\u201d, reprimido sangrentamente pelo governo iraniano.\n<\/p>\n<p><strong>Conex\u00e3o Pol\u00edtica\u00a0<\/strong>\n<\/p>\n<\/div>\n<p><br \/>\n<br \/><a href=\"https:\/\/diariodobrasilnoticias.com.br\/noticia\/premio-sakharov-de-direitos-humanos-a-direita-indica-elon-musk-e-urrutia-66f5a329b43e0\">Source link <\/a><\/p>","protected":false},"excerpt":{"rendered":"<p>A direita nacionalista europeia, incluindo o grupo liderado pelo franc\u00eas Jordan Bardella, aliado de Marine Le Pen, prop\u00f4s atribuir ao bilion\u00e1rio Elon Musk o Pr\u00eamio Sakharov de direitos humanos, pela&hellip;<\/p>","protected":false},"author":1,"featured_media":42092,"comment_status":"closed","ping_status":"open","sticky":false,"template":"","format":"standard","meta":{"content-type":"","footnotes":""},"categories":[16],"tags":[123,2448,5313,1267],"class_list":["post-42091","post","type-post","status-publish","format-standard","has-post-thumbnail","hentry","category-noticias","tag-brasil","tag-diario","tag-noticia","tag-noticias"],"_links":{"self":[{"href":"https:\/\/tvbrazilusa.com\/pt\/wp-json\/wp\/v2\/posts\/42091","targetHints":{"allow":["GET"]}}],"collection":[{"href":"https:\/\/tvbrazilusa.com\/pt\/wp-json\/wp\/v2\/posts"}],"about":[{"href":"https:\/\/tvbrazilusa.com\/pt\/wp-json\/wp\/v2\/types\/post"}],"author":[{"embeddable":true,"href":"https:\/\/tvbrazilusa.com\/pt\/wp-json\/wp\/v2\/users\/1"}],"replies":[{"embeddable":true,"href":"https:\/\/tvbrazilusa.com\/pt\/wp-json\/wp\/v2\/comments?post=42091"}],"version-history":[{"count":1,"href":"https:\/\/tvbrazilusa.com\/pt\/wp-json\/wp\/v2\/posts\/42091\/revisions"}],"predecessor-version":[{"id":42093,"href":"https:\/\/tvbrazilusa.com\/pt\/wp-json\/wp\/v2\/posts\/42091\/revisions\/42093"}],"wp:featuredmedia":[{"embeddable":true,"href":"https:\/\/tvbrazilusa.com\/pt\/wp-json\/wp\/v2\/media\/42092"}],"wp:attachment":[{"href":"https:\/\/tvbrazilusa.com\/pt\/wp-json\/wp\/v2\/media?parent=42091"}],"wp:term":[{"taxonomy":"category","embeddable":true,"href":"https:\/\/tvbrazilusa.com\/pt\/wp-json\/wp\/v2\/categories?post=42091"},{"taxonomy":"post_tag","embeddable":true,"href":"https:\/\/tvbrazilusa.com\/pt\/wp-json\/wp\/v2\/tags?post=42091"}],"curies":[{"name":"wp","href":"https:\/\/api.w.org\/{rel}","templated":true}]}}