{"id":42100,"date":"2024-09-26T20:28:11","date_gmt":"2024-09-26T20:28:11","guid":{"rendered":"https:\/\/tvbrazilusa.com\/2024\/09\/26\/cidade-de-sp-enfrenta-risco-de-colapso-por-falta-de-agua-moradores-que-desperdicarem-poderao-ser-multados-e-autoridades-podem-desocupar-imoveis\/"},"modified":"2024-09-26T20:28:12","modified_gmt":"2024-09-26T20:28:12","slug":"cidade-de-sp-enfrenta-risco-de-colapso-por-falta-de-agua-moradores-que-desperdicarem-poderao-ser-multados-e-autoridades-podem-desocupar-imoveis","status":"publish","type":"post","link":"https:\/\/tvbrazilusa.com\/pt\/2024\/09\/26\/cidade-de-sp-enfrenta-risco-de-colapso-por-falta-de-agua-moradores-que-desperdicarem-poderao-ser-multados-e-autoridades-podem-desocupar-imoveis\/","title":{"rendered":"Cidade de SP enfrenta risco de colapso por falta de \u00e1gua; moradores que desperdi\u00e7arem poder\u00e3o ser multados e autoridades podem desocupar im\u00f3veis"},"content":{"rendered":"<p> <script async src=\"https:\/\/pagead2.googlesyndication.com\/pagead\/js\/adsbygoogle.js?client=ca-pub-8864793242727901\"\r\n     crossorigin=\"anonymous\"><\/script><br \/>\n<\/p>\n<div id=\"taboola-read-more\" style=\"display:block; width:100%\">\n<p>A cidade de Barretos, localizada no interior de S\u00e3o Paulo, enfrenta uma grave crise h\u00eddrica, com a falta de chuvas se estendendo por quase quatro meses. Em resposta \u00e0 situa\u00e7\u00e3o, o governo estadual confirmou, nesta quinta-feira (26), o decreto de emerg\u00eancia e estado de calamidade p\u00fablica para o munic\u00edpio.\n<\/p>\n<p>Os mais de 122 mil habitantes de Barretos est\u00e3o lidando com os efeitos severos da crise, com alguns bairros sem abastecimento de \u00e1gua por mais de cinco dias. Segundo a Prefeitura, o sistema de fornecimento est\u00e1 pr\u00f3ximo do colapso, sendo dependente de dois pontos de capta\u00e7\u00e3o das \u00e1guas da chuva: os c\u00f3rregos Pitangueiras e Aleixo.<\/p>\n<p>Desde julho, a cidade implementou um racionamento parcial de \u00e1gua. A Defesa Civil do estado j\u00e1 enviou mais de 15 mil litros de \u00e1gua pot\u00e1vel para escolas e hospitais da regi\u00e3o.\n<\/p>\n<p>Para ajudar a popula\u00e7\u00e3o afetada, a Prefeitura convocou volunt\u00e1rios para campanhas de arrecada\u00e7\u00e3o de recursos e assist\u00eancia.\n<\/p>\n<p>Al\u00e9m disso, as autoridades est\u00e3o autorizadas a desocupar im\u00f3veis para fins de benef\u00edcio p\u00fablico, caso seja necess\u00e1rio. O munic\u00edpio tamb\u00e9m pretende multar quem desperdi\u00e7ar \u00e1gua.\n<\/p>\n<p><strong>Gazeta Brasil\u00a0<\/strong> <\/p>\n<\/div>\n<p><br \/>\n<br \/><a href=\"https:\/\/diariodobrasilnoticias.com.br\/noticia\/cidade-de-sp-enfrenta-risco-de-colapso-por-falta-de-agua-moradores-que-desperdicarem-poderao-ser-multados-e-autoridades-podem-desocupar-imoveis-66f5a7f3315ef\">Source link <\/a><\/p>","protected":false},"excerpt":{"rendered":"<p>A cidade de Barretos, localizada no interior de S\u00e3o Paulo, enfrenta uma grave crise h\u00eddrica, com a falta de chuvas se estendendo por quase quatro meses. Em resposta \u00e0 situa\u00e7\u00e3o,&hellip;<\/p>","protected":false},"author":1,"featured_media":42101,"comment_status":"closed","ping_status":"open","sticky":false,"template":"","format":"standard","meta":{"content-type":"","footnotes":""},"categories":[16],"tags":[123,2448,5313,1267],"class_list":["post-42100","post","type-post","status-publish","format-standard","has-post-thumbnail","hentry","category-noticias","tag-brasil","tag-diario","tag-noticia","tag-noticias"],"_links":{"self":[{"href":"https:\/\/tvbrazilusa.com\/pt\/wp-json\/wp\/v2\/posts\/42100","targetHints":{"allow":["GET"]}}],"collection":[{"href":"https:\/\/tvbrazilusa.com\/pt\/wp-json\/wp\/v2\/posts"}],"about":[{"href":"https:\/\/tvbrazilusa.com\/pt\/wp-json\/wp\/v2\/types\/post"}],"author":[{"embeddable":true,"href":"https:\/\/tvbrazilusa.com\/pt\/wp-json\/wp\/v2\/users\/1"}],"replies":[{"embeddable":true,"href":"https:\/\/tvbrazilusa.com\/pt\/wp-json\/wp\/v2\/comments?post=42100"}],"version-history":[{"count":1,"href":"https:\/\/tvbrazilusa.com\/pt\/wp-json\/wp\/v2\/posts\/42100\/revisions"}],"predecessor-version":[{"id":42102,"href":"https:\/\/tvbrazilusa.com\/pt\/wp-json\/wp\/v2\/posts\/42100\/revisions\/42102"}],"wp:featuredmedia":[{"embeddable":true,"href":"https:\/\/tvbrazilusa.com\/pt\/wp-json\/wp\/v2\/media\/42101"}],"wp:attachment":[{"href":"https:\/\/tvbrazilusa.com\/pt\/wp-json\/wp\/v2\/media?parent=42100"}],"wp:term":[{"taxonomy":"category","embeddable":true,"href":"https:\/\/tvbrazilusa.com\/pt\/wp-json\/wp\/v2\/categories?post=42100"},{"taxonomy":"post_tag","embeddable":true,"href":"https:\/\/tvbrazilusa.com\/pt\/wp-json\/wp\/v2\/tags?post=42100"}],"curies":[{"name":"wp","href":"https:\/\/api.w.org\/{rel}","templated":true}]}}