{"id":42103,"date":"2024-09-26T20:40:34","date_gmt":"2024-09-26T20:40:34","guid":{"rendered":"https:\/\/tvbrazilusa.com\/2024\/09\/26\/chanceler-de-israel-descarta-a-proposta-de-cessar-fogo-com-o-hezbollah\/"},"modified":"2024-09-26T20:40:35","modified_gmt":"2024-09-26T20:40:35","slug":"chanceler-de-israel-descarta-a-proposta-de-cessar-fogo-com-o-hezbollah","status":"publish","type":"post","link":"https:\/\/tvbrazilusa.com\/pt\/2024\/09\/26\/chanceler-de-israel-descarta-a-proposta-de-cessar-fogo-com-o-hezbollah\/","title":{"rendered":"Chanceler de Israel descarta a proposta de cessar-fogo com o Hezbollah"},"content":{"rendered":"<p> <script async src=\"https:\/\/pagead2.googlesyndication.com\/pagead\/js\/adsbygoogle.js?client=ca-pub-8864793242727901\"\r\n     crossorigin=\"anonymous\"><\/script><br \/>\n<\/p>\n<div id=\"taboola-read-more\" style=\"display:block; width:100%\">\n<p>O ministro israelense das Rela\u00e7\u00f5es Exteriores, Israel Katz (foto), rejeitou nesta quinta-feira, 26, o cessar-fogo imediato de 21 dias com Hezbollah proposto pelos governos de Estados Unidos, Fran\u00e7a e aliados.\n<\/p>\n<p>\u201cN\u00e3o haver\u00e1 cessar-fogo no norte [de Israel]. N\u00f3s vamos continuar lutando contra a organiza\u00e7\u00e3o terrorista Hezbollah com toda a nossa for\u00e7a at\u00e9 a vit\u00f3ria e o retorno seguro dos moradores do norte para suas casas\u201d, escreveu o ministro na rede social X.<\/p>\n<p>A ideia de tr\u00e9gua de 21 dias foi aventada por EUA e Fran\u00e7a para que houvesse tempo de impedir por vias diplom\u00e1ticas a escalada do conflito na fronteira de Israel com o L\u00edbano.\n<\/p>\n<p>Em contrapartida, o embaixador dos EUA em Israel,\u00a0<strong>Jack Lew<\/strong>, reiterou o apelo do governo Biden por uma tr\u00e9gua no conflito com o grupo terrorista liban\u00eas.\n<\/p>\n<p><em>\u201cO risco inaceit\u00e1vel de uma escalada regional mais ampla exige a\u00e7\u00e3o imediata. Desde que o Hezbollah come\u00e7ou seus ataques com foguetes contra Israel em 8 de outubro, rodada ap\u00f3s rodada de ataques e contra-ataques expulsaram as pessoas de suas casas. Ontem \u00e0 noite, mais de uma d\u00fazia de pa\u00edses se uniram em um apelo por um cessar-fogo imediato de 21 dias na fronteira L\u00edbano-Israel. Esta \u00e9 a melhor maneira de a diplomacia restaurar a seguran\u00e7a dos cidad\u00e3os para retornarem \u00e0s suas casas. As condi\u00e7\u00f5es no norte de Israel e no sul do L\u00edbano devem mudar para permitir seu retorno seguro. Ao mesmo tempo, pressionamos todos os dias por um acordo para libertar os ref\u00e9ns e alcan\u00e7ar um cessar-fogo em Gaza.\u201d<\/em>\n<\/p>\n<h2 id=\"h-netanyahu-promete-que-fara-o-hezbollah-entender-o-recado\" class=\"wp-block-heading\">Netanyahu promete que far\u00e1 o Hezbollah\u00a0<em>\u201centender o recado\u201d<\/em><\/h2>\n<p>O primeiro-ministro israelense,\u00a0<strong>Benjamin Netanyahu<\/strong>, afirmou no domingo, 22, que o Hezbollah\u00a0<em><a href=\"https:\/\/oantagonista.com.br\/mundo\/netanyahu-se-hezbollah-nao-entendeu-o-recado-prometo-que-vao-entender\/\">\u201cvai entender o recado\u201d<\/a>.<\/em>\n<\/p>\n<p><em>\u201cNos \u00faltimos dias, atingimos o Hezbollah com uma s\u00e9rie de ataques que eles n\u00e3o imaginaram\u201d<\/em>, disse Netanyahu em uma declara\u00e7\u00e3o em v\u00eddeo.\n<\/p>\n<p><em>\u201cSe o Hezbollah n\u00e3o entendeu o recado, eu prometo a voc\u00eas, eles v\u00e3o entender\u201d<\/em>, acrescentou.\n<\/p>\n<p><strong>O Antagonista\u00a0<\/strong> <\/p>\n<\/div>\n<p><br \/>\n<br \/><a href=\"https:\/\/diariodobrasilnoticias.com.br\/noticia\/chanceler-de-israel-descarta-a-proposta-de-cessar-fogo-com-o-hezbollah-66f5a6dfbe105\">Source link <\/a><\/p>","protected":false},"excerpt":{"rendered":"<p>O ministro israelense das Rela\u00e7\u00f5es Exteriores, Israel Katz (foto), rejeitou nesta quinta-feira, 26, o cessar-fogo imediato de 21 dias com Hezbollah proposto pelos governos de Estados Unidos, Fran\u00e7a e aliados.&hellip;<\/p>","protected":false},"author":1,"featured_media":42104,"comment_status":"closed","ping_status":"open","sticky":false,"template":"","format":"standard","meta":{"content-type":"","footnotes":""},"categories":[16],"tags":[123,2448,5313,1267],"class_list":["post-42103","post","type-post","status-publish","format-standard","has-post-thumbnail","hentry","category-noticias","tag-brasil","tag-diario","tag-noticia","tag-noticias"],"_links":{"self":[{"href":"https:\/\/tvbrazilusa.com\/pt\/wp-json\/wp\/v2\/posts\/42103","targetHints":{"allow":["GET"]}}],"collection":[{"href":"https:\/\/tvbrazilusa.com\/pt\/wp-json\/wp\/v2\/posts"}],"about":[{"href":"https:\/\/tvbrazilusa.com\/pt\/wp-json\/wp\/v2\/types\/post"}],"author":[{"embeddable":true,"href":"https:\/\/tvbrazilusa.com\/pt\/wp-json\/wp\/v2\/users\/1"}],"replies":[{"embeddable":true,"href":"https:\/\/tvbrazilusa.com\/pt\/wp-json\/wp\/v2\/comments?post=42103"}],"version-history":[{"count":1,"href":"https:\/\/tvbrazilusa.com\/pt\/wp-json\/wp\/v2\/posts\/42103\/revisions"}],"predecessor-version":[{"id":42105,"href":"https:\/\/tvbrazilusa.com\/pt\/wp-json\/wp\/v2\/posts\/42103\/revisions\/42105"}],"wp:featuredmedia":[{"embeddable":true,"href":"https:\/\/tvbrazilusa.com\/pt\/wp-json\/wp\/v2\/media\/42104"}],"wp:attachment":[{"href":"https:\/\/tvbrazilusa.com\/pt\/wp-json\/wp\/v2\/media?parent=42103"}],"wp:term":[{"taxonomy":"category","embeddable":true,"href":"https:\/\/tvbrazilusa.com\/pt\/wp-json\/wp\/v2\/categories?post=42103"},{"taxonomy":"post_tag","embeddable":true,"href":"https:\/\/tvbrazilusa.com\/pt\/wp-json\/wp\/v2\/tags?post=42103"}],"curies":[{"name":"wp","href":"https:\/\/api.w.org\/{rel}","templated":true}]}}