{"id":42106,"date":"2024-09-26T20:30:00","date_gmt":"2024-09-26T20:30:00","guid":{"rendered":"https:\/\/tvbrazilusa.com\/2024\/09\/26\/opiniao-acres-verdes-um-plano-diretor-para-o-sistema-de-parques-de-jacksonville-jacksonville-today\/"},"modified":"2024-09-26T20:44:27","modified_gmt":"2024-09-26T20:44:27","slug":"opiniao-acres-verdes-um-plano-diretor-para-o-sistema-de-parques-de-jacksonville-jacksonville-today","status":"publish","type":"post","link":"https:\/\/tvbrazilusa.com\/pt\/2024\/09\/26\/opiniao-acres-verdes-um-plano-diretor-para-o-sistema-de-parques-de-jacksonville-jacksonville-today\/","title":{"rendered":"OPINI\u00c3O | Acres verdes: um plano diretor para o sistema de parques de Jacksonville &#8211; Jacksonville Today"},"content":{"rendered":"<p> <script async src=\"https:\/\/pagead2.googlesyndication.com\/pagead\/js\/adsbygoogle.js?client=ca-pub-8864793242727901\"\r\n     crossorigin=\"anonymous\"><\/script><br \/>\n<\/p>\n<div>\n<p><a href=\"https:\/\/substack.com\/profile\/655388-sherry-magill\" target=\"_blank\" rel=\"noreferrer noopener nofollow\"><a href=\"https:\/\/sherrymagill.substack.com\/p\/green-acres\/comments\" rel=\"nofollow noopener\" target=\"_blank\"><a href=\"https:\/\/jaxtoday.org\/2024\/09\/26\/opinion-green-acres-a-master-plan-for-jacksonvilles-park-system\/javascript:void(0)\"\/>Num recente relat\u00f3rio preliminar ao Conselho Municipal de Jacksonville, o Departamento de Parques partilhou o seu progresso at\u00e9 \u00e0 data num Plano Diretor de Parques atualizado que espera revelar no inverno de 2025, que incluir\u00e1 recomenda\u00e7\u00f5es para a manuten\u00e7\u00e3o e melhoria dos parques existentes.<\/p>\n<p>O relat\u00f3rio examina a \u00e1rea atual do parque, acessibilidade, comodidades e condi\u00e7\u00f5es; inclui dados de pesquisas que medem o uso p\u00fablico, a satisfa\u00e7\u00e3o e as expectativas futuras; e promete definir as medidas que devemos tomar para manter e melhorar os parques existentes.<\/p>\n<p>Resili\u00eancia, acesso equitativo aos parques e servi\u00e7os de qualidade constituem tr\u00eas princ\u00edpios orientadores que moldam o relat\u00f3rio final.<\/p>\n<p>Um novo foco desta vez, afirmou a consultora Kristen Caborn, \u00e9 como usar os parques para mitigar as inunda\u00e7\u00f5es da \u00e1rea, um desenvolvimento bem-vindo dado o qu\u00e3o submersa Jacksonville est\u00e1 ultimamente.<\/p>\n<h3 class=\"wp-block-heading\">Pesquisa diz: Mais trilhas, mais sombra, mais controle de enchentes<\/h3>\n<p>As principais conclus\u00f5es da pesquisa incluem o interesse do p\u00fablico em uma melhor manuten\u00e7\u00e3o do parque, expans\u00e3o de \u00e1reas naturais com trilhas adicionais, maior sombra e controle de enchentes.<\/p>\n<p>Quando questionados especificamente sobre resili\u00eancia, a esmagadora maioria dos entrevistados escolheram a necessidade de maior sombra e a prote\u00e7\u00e3o de \u201csistemas naturais que amortecem o calor, os fluxos das mar\u00e9s e as inunda\u00e7\u00f5es\u201d como prioridades futuras do parque. Claramente, os entrevistados compreendem o papel que os parques devem desempenhar no al\u00edvio das realidades mortais das altera\u00e7\u00f5es clim\u00e1ticas presentes e futuras \u2013 o calor excessivo do ver\u00e3o e a expans\u00e3o das \u00e1guas das inunda\u00e7\u00f5es.<\/p>\n<figure class=\"wp-block-image\"><a href=\"https:\/\/substackcdn.com\/image\/fetch\/f_auto,q_auto:good,fl_progressive:steep\/https%3A%2F%2Fsubstack-post-media.s3.amazonaws.com%2Fpublic%2Fimages%2F4d2f4929-ad58-4791-9d5c-47550c9f68e5_2328x1342.png\" target=\"_blank\" rel=\"noreferrer noopener nofollow\" data-slb-active=\"1\" data-slb-asset=\"701783273\" data-slb-group=\"slb\"><\/a><\/figure>\n<h3 class=\"wp-block-heading\">O que est\u00e1 faltando?<\/h3>\n<p>Infelizmente, a pegada do plano diretor n\u00e3o inclui os parques hist\u00f3ricos Northbank Riverfront do centro da cidade, nomeadamente o Parque Metropolitano, os Estaleiros Oeste e o antigo parque do local de desembarque, aparentemente porque o Departamento de Parques sozinho n\u00e3o governa esses espa\u00e7os p\u00fablicos. Em vez disso, os Parques, a Autoridade de Investimento do Centro e as Obras P\u00fablicas, que supervisionam algumas infra-estruturas subterr\u00e2neas, partilham a responsabilidade.<\/p>\n<p>Faz-nos pensar: ser\u00e1 que o interesse do p\u00fablico na sombra e no controlo de inunda\u00e7\u00f5es influenciar\u00e1 a nossa discuss\u00e3o em curso sobre as Tr\u00eas Grandes, que t\u00eam sido muito noticiadas ultimamente, enquanto o Comit\u00e9 de Finan\u00e7as da C\u00e2mara Municipal se debateu recentemente com os seus custos? Certamente manter um parque arborizado e um Northbank Riverwalk arborizado \u00e9 mais barato do que manter restaurantes \u00e0 beira-mar e quadras de pickleball, que \u00e9 o que estamos obtendo com os planos atuais para o antigo local de desembarque e estaleiros West.<\/p>\n<p>O bom senso deveria nos dizer que esses tr\u00eas parques de Northbank est\u00e3o perfeitamente situados para fornecer controle de enchentes no centro de Jacksonville. Para que n\u00e3o esque\u00e7amos, o furac\u00e3o Irma atingiu um n\u00famero inesperado no centro de Jacksonville, provando mais uma vez que a M\u00e3e Natureza \u00e9 cheia de surpresas.<\/p>\n<h3 class=\"wp-block-heading\">Reuni\u00f5es da CPAC<\/h3>\n<p>O p\u00fablico ter\u00e1 a oportunidade de fornecer feedback sobre as descobertas at\u00e9 o momento durante as pr\u00f3ximas quatro reuni\u00f5es do Comit\u00ea Consultivo de Planejamento Cidad\u00e3o (CPAC):<\/p>\n<ul class=\"wp-block-list\">\n<li>Segunda-feira, 7 de outubro, 17h30, Biblioteca Principal do Centro<\/li>\n<li>Segunda-feira, 14 de outubro, 18h30, <a href=\"https:\/\/maps.app.goo.gl\/9ntctdetfSFVgRuW7\" rel=\"nofollow noopener\" target=\"_blank\">Parque Regional Ed Austin<\/a><\/li>\n<li>Segunda-feira, 14 de outubro, 18h30, <a href=\"https:\/\/maps.app.goo.gl\/rZr4o8uYx1Q5XjrN9\" rel=\"nofollow noopener\" target=\"_blank\">Centro S\u00eanior Lane Wiley<\/a><\/li>\n<li>Quarta-feira, 13 de novembro, 17h30, <a href=\"https:\/\/maps.app.goo.gl\/KbUqdPeX1AcZkD8F9\" rel=\"nofollow noopener\" target=\"_blank\">Centro Comunit\u00e1rio Oceanway<\/a><\/li>\n<\/ul>\n<hr class=\"wp-block-separator has-alpha-channel-opacity\"\/>\n<p>Fontes: <\/p>\n<hr class=\"wp-block-separator has-alpha-channel-opacity\"\/>\n<p><em>Esta coluna aparece em parceria com<\/em> Jax vigia<em>. <\/em><\/p>\n<\/div>\n<p><br \/>\n<br \/><a href=\"https:\/\/jaxtoday.org\/2024\/09\/26\/opinion-green-acres-a-master-plan-for-jacksonvilles-park-system\/\">Source link <\/a><\/p>","protected":false},"excerpt":{"rendered":"<p>Num recente relat\u00f3rio preliminar ao Conselho Municipal de Jacksonville, o Departamento de Parques partilhou o seu progresso at\u00e9 \u00e0 data num Plano Diretor de Parques atualizado que espera revelar no&hellip;<\/p>","protected":false},"author":1,"featured_media":42107,"comment_status":"closed","ping_status":"open","sticky":false,"template":"","format":"standard","meta":{"content-type":"","footnotes":""},"categories":[1],"tags":[],"class_list":["post-42106","post","type-post","status-publish","format-standard","has-post-thumbnail","hentry","category-uncategorized"],"_links":{"self":[{"href":"https:\/\/tvbrazilusa.com\/pt\/wp-json\/wp\/v2\/posts\/42106","targetHints":{"allow":["GET"]}}],"collection":[{"href":"https:\/\/tvbrazilusa.com\/pt\/wp-json\/wp\/v2\/posts"}],"about":[{"href":"https:\/\/tvbrazilusa.com\/pt\/wp-json\/wp\/v2\/types\/post"}],"author":[{"embeddable":true,"href":"https:\/\/tvbrazilusa.com\/pt\/wp-json\/wp\/v2\/users\/1"}],"replies":[{"embeddable":true,"href":"https:\/\/tvbrazilusa.com\/pt\/wp-json\/wp\/v2\/comments?post=42106"}],"version-history":[{"count":1,"href":"https:\/\/tvbrazilusa.com\/pt\/wp-json\/wp\/v2\/posts\/42106\/revisions"}],"predecessor-version":[{"id":42108,"href":"https:\/\/tvbrazilusa.com\/pt\/wp-json\/wp\/v2\/posts\/42106\/revisions\/42108"}],"wp:featuredmedia":[{"embeddable":true,"href":"https:\/\/tvbrazilusa.com\/pt\/wp-json\/wp\/v2\/media\/42107"}],"wp:attachment":[{"href":"https:\/\/tvbrazilusa.com\/pt\/wp-json\/wp\/v2\/media?parent=42106"}],"wp:term":[{"taxonomy":"category","embeddable":true,"href":"https:\/\/tvbrazilusa.com\/pt\/wp-json\/wp\/v2\/categories?post=42106"},{"taxonomy":"post_tag","embeddable":true,"href":"https:\/\/tvbrazilusa.com\/pt\/wp-json\/wp\/v2\/tags?post=42106"}],"curies":[{"name":"wp","href":"https:\/\/api.w.org\/{rel}","templated":true}]}}