{"id":42123,"date":"2024-09-26T21:34:34","date_gmt":"2024-09-26T21:34:34","guid":{"rendered":"https:\/\/tvbrazilusa.com\/2024\/09\/26\/lula-participa-de-jantar-na-residencia-do-vice-presidente-da-shein\/"},"modified":"2024-09-26T21:34:41","modified_gmt":"2024-09-26T21:34:41","slug":"lula-participa-de-jantar-na-residencia-do-vice-presidente-da-shein","status":"publish","type":"post","link":"https:\/\/tvbrazilusa.com\/pt\/2024\/09\/26\/lula-participa-de-jantar-na-residencia-do-vice-presidente-da-shein\/","title":{"rendered":"Lula participa de jantar na resid\u00eancia do vice-presidente da Shein"},"content":{"rendered":"<p> <script async src=\"https:\/\/pagead2.googlesyndication.com\/pagead\/js\/adsbygoogle.js?client=ca-pub-8864793242727901\"\r\n     crossorigin=\"anonymous\"><\/script><br \/>\n<\/p>\n<div id=\"taboola-read-more\" style=\"display:block; width:100%\">\n<p>O presidente Lula (PT) compareceu a um jantar na casa do vice-presidente da Shein, Marcelo Claure. O encontro aconteceu, na \u00faltima ter\u00e7a-feira (24), em Nova Iorque, nos Estados Unidos.\n<\/p>\n<p>O petista viajou aos EUA com uma comitiva para participar da 79\u00aa reuni\u00e3o da Assembleia Geral da Organiza\u00e7\u00e3o das Na\u00e7\u00f5es Unidas (ONU).<\/p>\n<p>No Instagram, Claure publicou uma foto com Lula e disse que foi uma honra receb\u00ea-lo em sua casa.\n<\/p>\n<p>\u00a0<\/p>\n<p>\u2013 Ontem \u00e0 noite foi uma honra receber em minha casa em Nova York, durante a Assembleia Geral da ONU, o presidente Lula, do Brasil. Suas palavras foram excepcionais, destacando as oportunidades que o Brasil oferece aos investidores estrangeiros. Eu acredito no Brasil \u2013 escreveu o vice-presidente da Shein.\n<\/p>\n<p>Tamb\u00e9m participaram do jantar representantes da Google e da Meta, al\u00e9m de fundos soberanos da Ar\u00e1bia Saudita e do Catar, conforme informa\u00e7\u00f5es do Poder360. Ainda de acordo com o portal, o petista cancelou uma reuni\u00e3o com uma empresa investidora do Porto de Santos, S\u00e3o Paulo, para ir ao jantar.\n<\/p>\n<\/p>\n<p><img decoding=\"async\" src=\"https:\/\/static.cdn.pleno.news\/2024\/09\/Screenshot-5-6.png\" alt=\"\" width=\"100%\"\/>\n<\/p>\n<p><strong>Pleno.news<\/strong> <\/p>\n<\/div>\n<p><br \/>\n<br \/><a href=\"https:\/\/diariodobrasilnoticias.com.br\/noticia\/lula-participa-de-jantar-na-residencia-do-vice-presidente-da-shein-66f5b695171e6\">Source link <\/a><\/p>","protected":false},"excerpt":{"rendered":"<p>O presidente Lula (PT) compareceu a um jantar na casa do vice-presidente da Shein, Marcelo Claure. O encontro aconteceu, na \u00faltima ter\u00e7a-feira (24), em Nova Iorque, nos Estados Unidos. O&hellip;<\/p>","protected":false},"author":1,"featured_media":42124,"comment_status":"closed","ping_status":"open","sticky":false,"template":"","format":"standard","meta":{"content-type":"","footnotes":""},"categories":[16],"tags":[123,2448,5313,1267],"class_list":["post-42123","post","type-post","status-publish","format-standard","has-post-thumbnail","hentry","category-noticias","tag-brasil","tag-diario","tag-noticia","tag-noticias"],"_links":{"self":[{"href":"https:\/\/tvbrazilusa.com\/pt\/wp-json\/wp\/v2\/posts\/42123","targetHints":{"allow":["GET"]}}],"collection":[{"href":"https:\/\/tvbrazilusa.com\/pt\/wp-json\/wp\/v2\/posts"}],"about":[{"href":"https:\/\/tvbrazilusa.com\/pt\/wp-json\/wp\/v2\/types\/post"}],"author":[{"embeddable":true,"href":"https:\/\/tvbrazilusa.com\/pt\/wp-json\/wp\/v2\/users\/1"}],"replies":[{"embeddable":true,"href":"https:\/\/tvbrazilusa.com\/pt\/wp-json\/wp\/v2\/comments?post=42123"}],"version-history":[{"count":1,"href":"https:\/\/tvbrazilusa.com\/pt\/wp-json\/wp\/v2\/posts\/42123\/revisions"}],"predecessor-version":[{"id":42125,"href":"https:\/\/tvbrazilusa.com\/pt\/wp-json\/wp\/v2\/posts\/42123\/revisions\/42125"}],"wp:featuredmedia":[{"embeddable":true,"href":"https:\/\/tvbrazilusa.com\/pt\/wp-json\/wp\/v2\/media\/42124"}],"wp:attachment":[{"href":"https:\/\/tvbrazilusa.com\/pt\/wp-json\/wp\/v2\/media?parent=42123"}],"wp:term":[{"taxonomy":"category","embeddable":true,"href":"https:\/\/tvbrazilusa.com\/pt\/wp-json\/wp\/v2\/categories?post=42123"},{"taxonomy":"post_tag","embeddable":true,"href":"https:\/\/tvbrazilusa.com\/pt\/wp-json\/wp\/v2\/tags?post=42123"}],"curies":[{"name":"wp","href":"https:\/\/api.w.org\/{rel}","templated":true}]}}