{"id":42126,"date":"2024-09-26T21:46:31","date_gmt":"2024-09-26T21:46:31","guid":{"rendered":"https:\/\/tvbrazilusa.com\/2024\/09\/26\/gayer-solicita-que-musk-dialogue-com-senadores-indecisos\/"},"modified":"2024-09-26T21:46:32","modified_gmt":"2024-09-26T21:46:32","slug":"gayer-solicita-que-musk-dialogue-com-senadores-indecisos","status":"publish","type":"post","link":"https:\/\/tvbrazilusa.com\/pt\/2024\/09\/26\/gayer-solicita-que-musk-dialogue-com-senadores-indecisos\/","title":{"rendered":"Gayer solicita que Musk dialogue com senadores indecisos"},"content":{"rendered":"<p> <script async src=\"https:\/\/pagead2.googlesyndication.com\/pagead\/js\/adsbygoogle.js?client=ca-pub-8864793242727901\"\r\n     crossorigin=\"anonymous\"><\/script><br \/>\n<\/p>\n<div id=\"taboola-read-more\" style=\"display:block; width:100%\">\n<p>O deputado federal Gustavo Gayer (PL-GO) conversou com o dono da rede social X por telefone, na semana passada, e pediu que ele procurasse os senadores que ainda n\u00e3o aderiram ao pedido de impeachment do ministro Alexandre de Moraes, do Supremo Tribunal Federal (STF).\n<\/p>\n<p>O parlamentar sugeriu ao empres\u00e1rio que ele fizesse contato com os senadores \u201cindecisos\u201d para apresentar uma vis\u00e3o mais ampla sobre o imbr\u00f3glio com o magistrado. O prop\u00f3sito dessa medida seria desfazer a imagem de \u201cpessoa terr\u00edvel\u201d que, segundo Gayer, parte da imprensa e a Suprema Corte t\u00eam do empreendedor.<\/p>\n<p>\u2013 Falei a ele que est\u00e3o tentando criar no Brasil uma figura dele de bilion\u00e1rio metido, que acha que pode tudo. Ent\u00e3o, sugeri que ele ligasse para alguns senadores para contar a vers\u00e3o dele \u2013 disse o deputado \u00e0 coluna de Igor Gadelha, de Metr\u00f3poles.\n<\/p>\n<p>\u00a0<\/p>\n<p>Gayer revelou que a rea\u00e7\u00e3o de Elon Musk n\u00e3o foi receptiva \u00e0 proposta. O congressista comentou que acabou abandonando a ideia por observar que alguns senadores n\u00e3o tinham, sequer, interesse em conversar com o dono da rede social X.\n<\/p>\n<p>A conversa ocorreu na noite de quinta-feira (19), por meio do aplicativo de mensagens Signal, e contou com a media\u00e7\u00e3o de uma assessora de Musk. De acordo com Gayer, o papo durou aproximadamente 30 minutos, e o empres\u00e1rio revelou sua decis\u00e3o em acatar as ordens de Moraes em nome de preservar a liberdade de express\u00e3o no Brasil.\n<\/p>\n<p>Elon Musk teria feito uma analogia entre a realidade do X no Brasil e em outros pa\u00edses.\n<\/p>\n<p>\u2013 Ele disse que, em outros pa\u00edses, apesar de discordar de algumas decis\u00f5es, obedeceu porque elas est\u00e3o na lei. No Brasil, ele viveu o dilema entre desrespeitar a lei ou int\u00e9rprete da lei \u2013 contou o parlamentar.\n<\/p>\n<p><strong>Pleno.news<\/strong> <\/p>\n<\/div>\n<p><br \/>\n<br \/><a href=\"https:\/\/diariodobrasilnoticias.com.br\/noticia\/gayer-solicita-que-musk-dialogue-com-senadores-indecisos-66f5b81d8f420\">Source link <\/a><\/p>","protected":false},"excerpt":{"rendered":"<p>O deputado federal Gustavo Gayer (PL-GO) conversou com o dono da rede social X por telefone, na semana passada, e pediu que ele procurasse os senadores que ainda n\u00e3o aderiram&hellip;<\/p>","protected":false},"author":1,"featured_media":42127,"comment_status":"closed","ping_status":"open","sticky":false,"template":"","format":"standard","meta":{"content-type":"","footnotes":""},"categories":[16],"tags":[123,2448,5313,1267],"class_list":["post-42126","post","type-post","status-publish","format-standard","has-post-thumbnail","hentry","category-noticias","tag-brasil","tag-diario","tag-noticia","tag-noticias"],"_links":{"self":[{"href":"https:\/\/tvbrazilusa.com\/pt\/wp-json\/wp\/v2\/posts\/42126","targetHints":{"allow":["GET"]}}],"collection":[{"href":"https:\/\/tvbrazilusa.com\/pt\/wp-json\/wp\/v2\/posts"}],"about":[{"href":"https:\/\/tvbrazilusa.com\/pt\/wp-json\/wp\/v2\/types\/post"}],"author":[{"embeddable":true,"href":"https:\/\/tvbrazilusa.com\/pt\/wp-json\/wp\/v2\/users\/1"}],"replies":[{"embeddable":true,"href":"https:\/\/tvbrazilusa.com\/pt\/wp-json\/wp\/v2\/comments?post=42126"}],"version-history":[{"count":1,"href":"https:\/\/tvbrazilusa.com\/pt\/wp-json\/wp\/v2\/posts\/42126\/revisions"}],"predecessor-version":[{"id":42128,"href":"https:\/\/tvbrazilusa.com\/pt\/wp-json\/wp\/v2\/posts\/42126\/revisions\/42128"}],"wp:featuredmedia":[{"embeddable":true,"href":"https:\/\/tvbrazilusa.com\/pt\/wp-json\/wp\/v2\/media\/42127"}],"wp:attachment":[{"href":"https:\/\/tvbrazilusa.com\/pt\/wp-json\/wp\/v2\/media?parent=42126"}],"wp:term":[{"taxonomy":"category","embeddable":true,"href":"https:\/\/tvbrazilusa.com\/pt\/wp-json\/wp\/v2\/categories?post=42126"},{"taxonomy":"post_tag","embeddable":true,"href":"https:\/\/tvbrazilusa.com\/pt\/wp-json\/wp\/v2\/tags?post=42126"}],"curies":[{"name":"wp","href":"https:\/\/api.w.org\/{rel}","templated":true}]}}