{"id":42132,"date":"2024-09-26T22:00:11","date_gmt":"2024-09-26T22:00:11","guid":{"rendered":"https:\/\/tvbrazilusa.com\/2024\/09\/26\/padre-fabio-de-melo-aparece-com-rosto-esquisito-em-show-veja-video\/"},"modified":"2024-09-26T22:00:12","modified_gmt":"2024-09-26T22:00:12","slug":"padre-fabio-de-melo-aparece-com-rosto-esquisito-em-show-veja-video","status":"publish","type":"post","link":"https:\/\/tvbrazilusa.com\/pt\/2024\/09\/26\/padre-fabio-de-melo-aparece-com-rosto-esquisito-em-show-veja-video\/","title":{"rendered":"Padre F\u00e1bio de Melo aparece com rosto esquisito em show, veja v\u00eddeo"},"content":{"rendered":"<p> <script async src=\"https:\/\/pagead2.googlesyndication.com\/pagead\/js\/adsbygoogle.js?client=ca-pub-8864793242727901\"\r\n     crossorigin=\"anonymous\"><\/script><br \/>\n<\/p>\n<div>\n<figure class=\"post-image\">\n<\/figure>\n<p><span style=\"font-size: 12px\">REPRODU\u00c7\u00c3O<\/span><\/p>\n<div id=\"taboola-read-more\" style=\"display:block; width:100%\">\n<p>O renomado padre F\u00e1bio de Melo gerou repercuss\u00e3o nas redes sociais ap\u00f3s sua apari\u00e7\u00e3o em um show recente, onde muitos f\u00e3s notaram uma mudan\u00e7a em seu rosto. Durante a apresenta\u00e7\u00e3o, o sacerdote, que \u00e9 tamb\u00e9m cantor e escritor, exibiu uma express\u00e3o que foi considerada &#8220;esquisita&#8221; por alguns espectadores, gerando uma onda de coment\u00e1rios e especula\u00e7\u00f5es.\n<\/p>\n<p>A situa\u00e7\u00e3o chamou a aten\u00e7\u00e3o n\u00e3o apenas pela sua imagem, mas tamb\u00e9m pelo impacto que isso pode ter na sua imagem p\u00fablica. O padre, que j\u00e1 \u00e9 conhecido por sua conex\u00e3o com o p\u00fablico jovem e sua abordagem moderna sobre quest\u00f5es da f\u00e9, n\u00e3o se manifestou sobre o assunto at\u00e9 o momento.<\/p>\n<p>F\u00e3s e seguidores expressaram preocupa\u00e7\u00e3o e curiosidade, com alguns questionando se a mudan\u00e7a se deve a interven\u00e7\u00f5es est\u00e9ticas ou a um poss\u00edvel problema de sa\u00fade. Muitos tamb\u00e9m defenderam o padre, ressaltando que ele deve ser respeitado independentemente de sua apar\u00eancia.\n<\/p>\n<p>O evento foi um sucesso e atraiu uma multid\u00e3o de admiradores, mas a imagem do padre continua a ser tema de discuss\u00e3o nas redes sociais. Especialistas em comunica\u00e7\u00e3o ressaltam a import\u00e2ncia de manter o foco no trabalho e na mensagem do religioso, independentemente de sua apar\u00eancia. A expectativa agora \u00e9 que padre F\u00e1bio de Melo se pronuncie sobre o ocorrido e esclare\u00e7a a situa\u00e7\u00e3o aos seus f\u00e3s. <\/p>\n<\/div>\n<div class=\"row mt-3\">\n<div class=\"col-sm-6\">\n<p><a href=\"https:\/\/chat.whatsapp.com\/GwURnmOyPiN1XheGYvCspN\" target=\"_blank\" rel=\"noopener\"><br \/>\n<img decoding=\"async\" src=\"https:\/\/diariodobrasilnoticias.com.br\/assets-site\/images\/bot_whatsapp.png\"\/><\/a>\n<\/div>\n<div class=\"col-sm-6\">\n<a href=\"https:\/\/t.me\/+_4gTmi5LKo03OTM5\" target=\"_blank\" rel=\"noopener\"><br \/>\n<img decoding=\"async\" src=\"https:\/\/diariodobrasilnoticias.com.br\/assets-site\/images\/bot_telegram.png\"\/><\/a>\n<\/div>\n<\/div>\n<\/div>\n<p><br \/>\n<br \/><a href=\"https:\/\/diariodobrasilnoticias.com.br\/noticia\/padre-fabio-de-melo-aparece-com-rosto-esquisito-em-show-veja-video-66f5ba9e2956f\">Source link <\/a><\/p>","protected":false},"excerpt":{"rendered":"<p>REPRODU\u00c7\u00c3O O renomado padre F\u00e1bio de Melo gerou repercuss\u00e3o nas redes sociais ap\u00f3s sua apari\u00e7\u00e3o em um show recente, onde muitos f\u00e3s notaram uma mudan\u00e7a em seu rosto. Durante a&hellip;<\/p>","protected":false},"author":1,"featured_media":42133,"comment_status":"closed","ping_status":"open","sticky":false,"template":"","format":"standard","meta":{"content-type":"","footnotes":""},"categories":[16],"tags":[123,2448,5313,1267],"class_list":["post-42132","post","type-post","status-publish","format-standard","has-post-thumbnail","hentry","category-noticias","tag-brasil","tag-diario","tag-noticia","tag-noticias"],"_links":{"self":[{"href":"https:\/\/tvbrazilusa.com\/pt\/wp-json\/wp\/v2\/posts\/42132","targetHints":{"allow":["GET"]}}],"collection":[{"href":"https:\/\/tvbrazilusa.com\/pt\/wp-json\/wp\/v2\/posts"}],"about":[{"href":"https:\/\/tvbrazilusa.com\/pt\/wp-json\/wp\/v2\/types\/post"}],"author":[{"embeddable":true,"href":"https:\/\/tvbrazilusa.com\/pt\/wp-json\/wp\/v2\/users\/1"}],"replies":[{"embeddable":true,"href":"https:\/\/tvbrazilusa.com\/pt\/wp-json\/wp\/v2\/comments?post=42132"}],"version-history":[{"count":1,"href":"https:\/\/tvbrazilusa.com\/pt\/wp-json\/wp\/v2\/posts\/42132\/revisions"}],"predecessor-version":[{"id":42134,"href":"https:\/\/tvbrazilusa.com\/pt\/wp-json\/wp\/v2\/posts\/42132\/revisions\/42134"}],"wp:featuredmedia":[{"embeddable":true,"href":"https:\/\/tvbrazilusa.com\/pt\/wp-json\/wp\/v2\/media\/42133"}],"wp:attachment":[{"href":"https:\/\/tvbrazilusa.com\/pt\/wp-json\/wp\/v2\/media?parent=42132"}],"wp:term":[{"taxonomy":"category","embeddable":true,"href":"https:\/\/tvbrazilusa.com\/pt\/wp-json\/wp\/v2\/categories?post=42132"},{"taxonomy":"post_tag","embeddable":true,"href":"https:\/\/tvbrazilusa.com\/pt\/wp-json\/wp\/v2\/tags?post=42132"}],"curies":[{"name":"wp","href":"https:\/\/api.w.org\/{rel}","templated":true}]}}