{"id":42170,"date":"2024-09-26T23:34:28","date_gmt":"2024-09-26T23:34:28","guid":{"rendered":"https:\/\/tvbrazilusa.com\/2024\/09\/26\/pp-entra-com-acao-no-stf-contra-lei-que-permite-ao-governo-apropriar-valores-esquecidos-por-brasileiros-em-contas-bancarias\/"},"modified":"2024-09-26T23:34:29","modified_gmt":"2024-09-26T23:34:29","slug":"pp-entra-com-acao-no-stf-contra-lei-que-permite-ao-governo-apropriar-valores-esquecidos-por-brasileiros-em-contas-bancarias","status":"publish","type":"post","link":"https:\/\/tvbrazilusa.com\/pt\/2024\/09\/26\/pp-entra-com-acao-no-stf-contra-lei-que-permite-ao-governo-apropriar-valores-esquecidos-por-brasileiros-em-contas-bancarias\/","title":{"rendered":"PP entra com a\u00e7\u00e3o no STF contra lei que permite ao governo apropriar valores esquecidos por brasileiros em contas banc\u00e1rias"},"content":{"rendered":"<p> <script async src=\"https:\/\/pagead2.googlesyndication.com\/pagead\/js\/adsbygoogle.js?client=ca-pub-8864793242727901\"\r\n     crossorigin=\"anonymous\"><\/script><br \/>\n<\/p>\n<div id=\"taboola-read-more\" style=\"display:block; width:100%\">\n<p>O Partido Progressistas (PP) ingressou com uma A\u00e7\u00e3o Direta de Inconstitucionalidade (ADI) 7720 no Supremo Tribunal Federal (STF) para contestar uma lei que autoriza o Tesouro Nacional a se apropriar de valores de dep\u00f3sitos judiciais de processos encerrados e de recursos \u201cesquecidos\u201d em contas banc\u00e1rias.\n<\/p>\n<p>A a\u00e7\u00e3o foi distribu\u00edda ao ministro Edson Fachin.\u00a0A norma em quest\u00e3o, inserida na recente Lei 14.973\/2024, estabelece que esses valores \u201cesquecidos\u201d pelos brasileiros passam a ser considerados receita or\u00e7ament\u00e1ria prim\u00e1ria da Uni\u00e3o e ser\u00e3o utilizados para avaliar o cumprimento de metas or\u00e7ament\u00e1rias e fiscais.<\/p>\n<p>O PP destaca que, antes da implementa\u00e7\u00e3o da lei, o prazo para saque dos dep\u00f3sitos judiciais, a partir da intima\u00e7\u00e3o ou notifica\u00e7\u00e3o, era de 25 anos; atualmente, esse prazo foi reduzido para apenas dois anos.\n<\/p>\n<p>Na avalia\u00e7\u00e3o do partido, a apropria\u00e7\u00e3o de valores privados esquecidos contraria o direito de propriedade garantido pela Constitui\u00e7\u00e3o, al\u00e9m de ferir princ\u00edpios como o devido processo legal, a isonomia, a seguran\u00e7a jur\u00eddica e a coisa julgada.\n<\/p>\n<p>Na a\u00e7\u00e3o, a legenda menciona dados do Banco Central, que indicam a exist\u00eancia de aproximadamente R$ 8,56 bilh\u00f5es em recursos esquecidos que podem ser utilizados para compensar a manuten\u00e7\u00e3o da desonera\u00e7\u00e3o da folha de pagamento em 17 setores da economia e em munic\u00edpios com at\u00e9 156 mil habitantes.\n<\/p>\n<p><strong>Gazeta Brasil\u00a0<\/strong> <\/p>\n<\/div>\n<p><br \/>\n<br \/><a href=\"https:\/\/diariodobrasilnoticias.com.br\/noticia\/pp-entra-com-acao-no-stf-contra-lei-que-permite-ao-governo-apropriar-valores-esquecidos-por-brasileiros-em-contas-bancarias-66f5d032b9cfe\">Source link <\/a><\/p>","protected":false},"excerpt":{"rendered":"<p>O Partido Progressistas (PP) ingressou com uma A\u00e7\u00e3o Direta de Inconstitucionalidade (ADI) 7720 no Supremo Tribunal Federal (STF) para contestar uma lei que autoriza o Tesouro Nacional a se apropriar&hellip;<\/p>","protected":false},"author":1,"featured_media":42171,"comment_status":"closed","ping_status":"open","sticky":false,"template":"","format":"standard","meta":{"content-type":"","footnotes":""},"categories":[16],"tags":[123,2448,5313,1267],"class_list":["post-42170","post","type-post","status-publish","format-standard","has-post-thumbnail","hentry","category-noticias","tag-brasil","tag-diario","tag-noticia","tag-noticias"],"_links":{"self":[{"href":"https:\/\/tvbrazilusa.com\/pt\/wp-json\/wp\/v2\/posts\/42170","targetHints":{"allow":["GET"]}}],"collection":[{"href":"https:\/\/tvbrazilusa.com\/pt\/wp-json\/wp\/v2\/posts"}],"about":[{"href":"https:\/\/tvbrazilusa.com\/pt\/wp-json\/wp\/v2\/types\/post"}],"author":[{"embeddable":true,"href":"https:\/\/tvbrazilusa.com\/pt\/wp-json\/wp\/v2\/users\/1"}],"replies":[{"embeddable":true,"href":"https:\/\/tvbrazilusa.com\/pt\/wp-json\/wp\/v2\/comments?post=42170"}],"version-history":[{"count":1,"href":"https:\/\/tvbrazilusa.com\/pt\/wp-json\/wp\/v2\/posts\/42170\/revisions"}],"predecessor-version":[{"id":42172,"href":"https:\/\/tvbrazilusa.com\/pt\/wp-json\/wp\/v2\/posts\/42170\/revisions\/42172"}],"wp:featuredmedia":[{"embeddable":true,"href":"https:\/\/tvbrazilusa.com\/pt\/wp-json\/wp\/v2\/media\/42171"}],"wp:attachment":[{"href":"https:\/\/tvbrazilusa.com\/pt\/wp-json\/wp\/v2\/media?parent=42170"}],"wp:term":[{"taxonomy":"category","embeddable":true,"href":"https:\/\/tvbrazilusa.com\/pt\/wp-json\/wp\/v2\/categories?post=42170"},{"taxonomy":"post_tag","embeddable":true,"href":"https:\/\/tvbrazilusa.com\/pt\/wp-json\/wp\/v2\/tags?post=42170"}],"curies":[{"name":"wp","href":"https:\/\/api.w.org\/{rel}","templated":true}]}}