{"id":42178,"date":"2024-09-26T23:48:37","date_gmt":"2024-09-26T23:48:37","guid":{"rendered":"https:\/\/tvbrazilusa.com\/2024\/09\/26\/governo-planeja-implementar-marcacao-online-de-consultas-no-sus-em-todo-o-pais-a-partir-de-2025\/"},"modified":"2024-09-26T23:48:38","modified_gmt":"2024-09-26T23:48:38","slug":"governo-planeja-implementar-marcacao-online-de-consultas-no-sus-em-todo-o-pais-a-partir-de-2025","status":"publish","type":"post","link":"https:\/\/tvbrazilusa.com\/pt\/2024\/09\/26\/governo-planeja-implementar-marcacao-online-de-consultas-no-sus-em-todo-o-pais-a-partir-de-2025\/","title":{"rendered":"Governo planeja implementar marca\u00e7\u00e3o online de consultas no SUS em todo o pa\u00eds a partir de 2025"},"content":{"rendered":"<p> <script async src=\"https:\/\/pagead2.googlesyndication.com\/pagead\/js\/adsbygoogle.js?client=ca-pub-8864793242727901\"\r\n     crossorigin=\"anonymous\"><\/script><br \/>\n<\/p>\n<div id=\"taboola-read-more\" style=\"display:block; width:100%\">\n<p>O Governo Federal anunciou, por meio do Minist\u00e9rio da Gest\u00e3o e da Inova\u00e7\u00e3o em Servi\u00e7os P\u00fablicos (MGI), os princ\u00edpios e objetivos da nova Estrat\u00e9gia Federal de Governo Digital, com metas estabelecidas at\u00e9 2027. A Portaria n\u00ba 6.618 visa a cria\u00e7\u00e3o de uma administra\u00e7\u00e3o p\u00fablica digital, centrada no cidad\u00e3o, inclusiva e transparente.\n<\/p>\n<p>Segundo o secret\u00e1rio de Governo Digital, Rog\u00e9rio Mascarenhas, o principal objetivo \u00e9 melhorar a qualidade dos servi\u00e7os p\u00fablicos, tornando-os mais simples e acess\u00edveis para os brasileiros.<\/p>\n<p>Ele tamb\u00e9m destacou que, embora muitas das iniciativas estejam sob a responsabilidade do MGI, haver\u00e1 colabora\u00e7\u00e3o com outros minist\u00e9rios, como o da Sa\u00fade e o da Educa\u00e7\u00e3o.\n<\/p>\n<p>Entre as a\u00e7\u00f5es previstas, uma das mais relevantes \u00e9 a implementa\u00e7\u00e3o, at\u00e9 2025, de um sistema de agendamento online de consultas pelo aplicativo Meu SUS Digital. Nesse mesmo ano, os atestados m\u00e9dicos emitidos pelo Sistema \u00danico de Sa\u00fade (SUS) tamb\u00e9m estar\u00e3o dispon\u00edveis nas plataformas digitais do SUS, ampliando o acesso e a comodidade para os usu\u00e1rios.\n<\/p>\n<p>Outras iniciativas em parceria com o Minist\u00e9rio da Educa\u00e7\u00e3o (MEC) incluem a consolida\u00e7\u00e3o de dados educacionais por meio da Plataforma Nacional de Dados da Educa\u00e7\u00e3o (PlatEduc) e a cria\u00e7\u00e3o de uma Pol\u00edtica de Governan\u00e7a de Dados para a Educa\u00e7\u00e3o at\u00e9 2026.\n<\/p>\n<p>A portaria tamb\u00e9m prev\u00ea a cataloga\u00e7\u00e3o de 100 casos de uso de dados abertos at\u00e9 2027, em alinhamento com a Controladoria-Geral da Uni\u00e3o (CGU), com o objetivo de refor\u00e7ar a transpar\u00eancia no uso de informa\u00e7\u00f5es governamentais.\n<\/p>\n<p>Al\u00e9m disso, a Infraestrutura Nacional de Dados (IND), estabelecida pelo Decreto n\u00ba 12.198, promover\u00e1 a interoperabilidade entre as plataformas digitais do governo, integrando sistemas ao Conecta GOV.BR at\u00e9 2027, o que permitir\u00e1 a troca autom\u00e1tica de informa\u00e7\u00f5es entre os \u00f3rg\u00e3os governamentais, evitando que o cidad\u00e3o precise reapresentar dados j\u00e1 fornecidos ao governo.\n<\/p>\n<p>Os Comit\u00eas de Governan\u00e7a Digital (CGD) foram mantidos, com a novidade de permitir a inclus\u00e3o de suplentes e de representantes respons\u00e1veis pela governan\u00e7a de dados, o que fortalece a estrutura de gest\u00e3o digital.\n<\/p>\n<p>A nova Estrat\u00e9gia Federal de Governo Digital, detalhada no portal GOV.BR, complementa a Estrat\u00e9gia Nacional de Governo Digital, publicada em junho, que busca coordenar as iniciativas de digitaliza\u00e7\u00e3o nos diferentes n\u00edveis de governo, facilitando o acesso dos cidad\u00e3os aos servi\u00e7os p\u00fablicos.\n<\/p>\n<p><strong>Gazeta Brasil\u00a0<\/strong> <\/p>\n<\/div>\n<p><br \/>\n<br \/><a href=\"https:\/\/diariodobrasilnoticias.com.br\/noticia\/governo-planeja-implementar-marcacao-online-de-consultas-no-sus-em-todo-o-pais-a-partir-de-2025-66f5d09ba64bc\">Source link <\/a><\/p>","protected":false},"excerpt":{"rendered":"<p>O Governo Federal anunciou, por meio do Minist\u00e9rio da Gest\u00e3o e da Inova\u00e7\u00e3o em Servi\u00e7os P\u00fablicos (MGI), os princ\u00edpios e objetivos da nova Estrat\u00e9gia Federal de Governo Digital, com metas&hellip;<\/p>","protected":false},"author":1,"featured_media":42179,"comment_status":"closed","ping_status":"open","sticky":false,"template":"","format":"standard","meta":{"content-type":"","footnotes":""},"categories":[16],"tags":[123,2448,5313,1267],"class_list":["post-42178","post","type-post","status-publish","format-standard","has-post-thumbnail","hentry","category-noticias","tag-brasil","tag-diario","tag-noticia","tag-noticias"],"_links":{"self":[{"href":"https:\/\/tvbrazilusa.com\/pt\/wp-json\/wp\/v2\/posts\/42178","targetHints":{"allow":["GET"]}}],"collection":[{"href":"https:\/\/tvbrazilusa.com\/pt\/wp-json\/wp\/v2\/posts"}],"about":[{"href":"https:\/\/tvbrazilusa.com\/pt\/wp-json\/wp\/v2\/types\/post"}],"author":[{"embeddable":true,"href":"https:\/\/tvbrazilusa.com\/pt\/wp-json\/wp\/v2\/users\/1"}],"replies":[{"embeddable":true,"href":"https:\/\/tvbrazilusa.com\/pt\/wp-json\/wp\/v2\/comments?post=42178"}],"version-history":[{"count":1,"href":"https:\/\/tvbrazilusa.com\/pt\/wp-json\/wp\/v2\/posts\/42178\/revisions"}],"predecessor-version":[{"id":42180,"href":"https:\/\/tvbrazilusa.com\/pt\/wp-json\/wp\/v2\/posts\/42178\/revisions\/42180"}],"wp:featuredmedia":[{"embeddable":true,"href":"https:\/\/tvbrazilusa.com\/pt\/wp-json\/wp\/v2\/media\/42179"}],"wp:attachment":[{"href":"https:\/\/tvbrazilusa.com\/pt\/wp-json\/wp\/v2\/media?parent=42178"}],"wp:term":[{"taxonomy":"category","embeddable":true,"href":"https:\/\/tvbrazilusa.com\/pt\/wp-json\/wp\/v2\/categories?post=42178"},{"taxonomy":"post_tag","embeddable":true,"href":"https:\/\/tvbrazilusa.com\/pt\/wp-json\/wp\/v2\/tags?post=42178"}],"curies":[{"name":"wp","href":"https:\/\/api.w.org\/{rel}","templated":true}]}}