{"id":42183,"date":"2024-09-27T00:00:44","date_gmt":"2024-09-27T00:00:44","guid":{"rendered":"https:\/\/tvbrazilusa.com\/2024\/09\/27\/tse-destina-mais-de-r-17-milhao-para-a-contratacao-de-ascensoristas\/"},"modified":"2024-09-27T00:00:45","modified_gmt":"2024-09-27T00:00:45","slug":"tse-destina-mais-de-r-17-milhao-para-a-contratacao-de-ascensoristas","status":"publish","type":"post","link":"https:\/\/tvbrazilusa.com\/pt\/2024\/09\/27\/tse-destina-mais-de-r-17-milhao-para-a-contratacao-de-ascensoristas\/","title":{"rendered":"TSE destina mais de R$ 1,7 milh\u00e3o para a contrata\u00e7\u00e3o de ascensoristas"},"content":{"rendered":"<p> <script async src=\"https:\/\/pagead2.googlesyndication.com\/pagead\/js\/adsbygoogle.js?client=ca-pub-8864793242727901\"\r\n     crossorigin=\"anonymous\"><\/script><br \/>\n<\/p>\n<div id=\"taboola-read-more\" style=\"display:block; width:100%\">\n<p>O Tribunal Superior Eleitoral (TSE) disp\u00f4s de pouco mais de R$ 1,7 milh\u00e3o para a contrata\u00e7\u00e3o de ascensoristas. A cobertura do investimento garante o servi\u00e7o por cinco anos.\n<\/p>\n<p>A profiss\u00e3o cumpre a fun\u00e7\u00e3o de acionar os bot\u00f5es de elevadores, conduzindo cada usu\u00e1rio ao seu devido andar, al\u00e9m de manter os limites de peso no interior do equipamento de transporte a fim de assegurar o bom funcionamento do servi\u00e7o.<\/p>\n<p>Na Corte Eleitoral, esses funcion\u00e1rios conduzir\u00e3o os ministros, que fazem uso de elevadores privativos.\n<\/p>\n<p>\u00a0<\/p>\n<p><strong>STF DISP\u00d5E DE R$ 5 MILH\u00d5ES PARA COLETES E CASSETETES<br \/><\/strong>O Supremo Tribunal Federal (STF) disp\u00f4s de quase R$ 5,5 milh\u00f5es para adquirir itens de seguran\u00e7a. O tribunal encomendou 480 coletes bal\u00edsticos, 216 algemas e 256 bast\u00f5es de pol\u00edcia, al\u00e9m de placas de identifica\u00e7\u00e3o. A aquisi\u00e7\u00e3o tamb\u00e9m abarca outros \u00f3rg\u00e3os, como a Pol\u00edcia Federal, a Casa Militar do Distrito Federal, o Tribunal Superior Eleitoral (TSE), e Tribunais Regionais.<strong><br \/><\/strong>\n<\/p>\n<p>No fim do ano passado, o STF adquiriu carabinas semiautom\u00e1ticas e escudos, gastando um total de R$ 235 mil. A lista de aquisi\u00e7\u00e3o tamb\u00e9m previa 20 capacetes \u201cpara uso em atividades de dist\u00farbio\u201d, 20 escudos, 20 cassetetes e 20 porta tonfas, al\u00e9m de m\u00e1scaras para \u201cprote\u00e7\u00e3o contra gases, vapores e poeiras t\u00f3xicas\u201d.\n<\/p>\n<p>A assessoria de imprensa da Suprema Corte explicou que tais itens cumprem a finalidade de aperfei\u00e7oar a seguran\u00e7a do tribunal.\n<\/p>\n<p><strong>Pleno.news\u00a0<\/strong> <\/p>\n<\/div>\n<p><br \/>\n<br \/><a href=\"https:\/\/diariodobrasilnoticias.com.br\/noticia\/tse-destina-mais-de-r-1-7-milhao-para-a-contratacao-de-ascensoristas-66f5d15b1d15c\">Source link <\/a><\/p>","protected":false},"excerpt":{"rendered":"<p>O Tribunal Superior Eleitoral (TSE) disp\u00f4s de pouco mais de R$ 1,7 milh\u00e3o para a contrata\u00e7\u00e3o de ascensoristas. A cobertura do investimento garante o servi\u00e7o por cinco anos. A profiss\u00e3o&hellip;<\/p>","protected":false},"author":1,"featured_media":42184,"comment_status":"closed","ping_status":"open","sticky":false,"template":"","format":"standard","meta":{"content-type":"","footnotes":""},"categories":[16],"tags":[123,2448,5313,1267],"class_list":["post-42183","post","type-post","status-publish","format-standard","has-post-thumbnail","hentry","category-noticias","tag-brasil","tag-diario","tag-noticia","tag-noticias"],"_links":{"self":[{"href":"https:\/\/tvbrazilusa.com\/pt\/wp-json\/wp\/v2\/posts\/42183","targetHints":{"allow":["GET"]}}],"collection":[{"href":"https:\/\/tvbrazilusa.com\/pt\/wp-json\/wp\/v2\/posts"}],"about":[{"href":"https:\/\/tvbrazilusa.com\/pt\/wp-json\/wp\/v2\/types\/post"}],"author":[{"embeddable":true,"href":"https:\/\/tvbrazilusa.com\/pt\/wp-json\/wp\/v2\/users\/1"}],"replies":[{"embeddable":true,"href":"https:\/\/tvbrazilusa.com\/pt\/wp-json\/wp\/v2\/comments?post=42183"}],"version-history":[{"count":1,"href":"https:\/\/tvbrazilusa.com\/pt\/wp-json\/wp\/v2\/posts\/42183\/revisions"}],"predecessor-version":[{"id":42185,"href":"https:\/\/tvbrazilusa.com\/pt\/wp-json\/wp\/v2\/posts\/42183\/revisions\/42185"}],"wp:featuredmedia":[{"embeddable":true,"href":"https:\/\/tvbrazilusa.com\/pt\/wp-json\/wp\/v2\/media\/42184"}],"wp:attachment":[{"href":"https:\/\/tvbrazilusa.com\/pt\/wp-json\/wp\/v2\/media?parent=42183"}],"wp:term":[{"taxonomy":"category","embeddable":true,"href":"https:\/\/tvbrazilusa.com\/pt\/wp-json\/wp\/v2\/categories?post=42183"},{"taxonomy":"post_tag","embeddable":true,"href":"https:\/\/tvbrazilusa.com\/pt\/wp-json\/wp\/v2\/tags?post=42183"}],"curies":[{"name":"wp","href":"https:\/\/api.w.org\/{rel}","templated":true}]}}