{"id":42188,"date":"2024-09-27T00:14:53","date_gmt":"2024-09-27T00:14:53","guid":{"rendered":"https:\/\/tvbrazilusa.com\/2024\/09\/27\/juiz-autoriza-que-lider-do-cv-receba-visitas-da-esposa-na-penitenciaria\/"},"modified":"2024-09-27T00:14:53","modified_gmt":"2024-09-27T00:14:53","slug":"juiz-autoriza-que-lider-do-cv-receba-visitas-da-esposa-na-penitenciaria","status":"publish","type":"post","link":"https:\/\/tvbrazilusa.com\/pt\/2024\/09\/27\/juiz-autoriza-que-lider-do-cv-receba-visitas-da-esposa-na-penitenciaria\/","title":{"rendered":"Juiz autoriza que l\u00edder do CV receba visitas da esposa na penitenci\u00e1ria"},"content":{"rendered":"<p> <script async src=\"https:\/\/pagead2.googlesyndication.com\/pagead\/js\/adsbygoogle.js?client=ca-pub-8864793242727901\"\r\n     crossorigin=\"anonymous\"><\/script><br \/>\n<\/p>\n<div id=\"taboola-read-more\" style=\"display:block; width:100%\">\n<p>O juiz da 2\u00aa Vara Criminal de Cuiab\u00e1 Geraldo Fidelis autorizou que Sandro da Silva Rabelo, o \u201cSandro Louco\u201d, apontado como principal l\u00edder do Comando Vermelho em Mato Grosso, receba visitas de sua esposa, Thaisa Souza de Almeida, na Penitenci\u00e1ria Central do Estado (PCE). A decis\u00e3o \u00e9 de ter\u00e7a-feira (24\/9).\n<\/p>\n<p data-gtm-vis-recent-on-screen104869357_94=\"34217\" data-gtm-vis-first-on-screen104869357_94=\"34217\" data-gtm-vis-total-visible-time104869357_94=\"100\" data-gtm-vis-has-fired104869357_94=\"1\">O pedido foi feito pela defesa de Sandro Louco. O Minist\u00e9rio P\u00fablico se manifestou contr\u00e1rio ao pedido. No entanto, o magistrado entendeu que a legisla\u00e7\u00e3o brasileira assegura a todos os presos o direito de receber visitas de familiares.<\/p>\n<p data-gtm-vis-recent-on-screen104869357_94=\"34217\" data-gtm-vis-first-on-screen104869357_94=\"34217\" data-gtm-vis-total-visible-time104869357_94=\"100\" data-gtm-vis-has-fired104869357_94=\"1\"><strong>Metr\u00f3poles\u00a0<\/strong> <\/p>\n<\/div>\n<p><br \/>\n<br \/><a href=\"https:\/\/diariodobrasilnoticias.com.br\/noticia\/juiz-autoriza-que-lider-do-cv-receba-visitas-da-esposa-na-penitenciaria-66f5d22aaa89e\">Source link <\/a><\/p>","protected":false},"excerpt":{"rendered":"<p>O juiz da 2\u00aa Vara Criminal de Cuiab\u00e1 Geraldo Fidelis autorizou que Sandro da Silva Rabelo, o \u201cSandro Louco\u201d, apontado como principal l\u00edder do Comando Vermelho em Mato Grosso, receba&hellip;<\/p>","protected":false},"author":1,"featured_media":42189,"comment_status":"closed","ping_status":"open","sticky":false,"template":"","format":"standard","meta":{"content-type":"","footnotes":""},"categories":[16],"tags":[123,2448,5313,1267],"class_list":["post-42188","post","type-post","status-publish","format-standard","has-post-thumbnail","hentry","category-noticias","tag-brasil","tag-diario","tag-noticia","tag-noticias"],"_links":{"self":[{"href":"https:\/\/tvbrazilusa.com\/pt\/wp-json\/wp\/v2\/posts\/42188","targetHints":{"allow":["GET"]}}],"collection":[{"href":"https:\/\/tvbrazilusa.com\/pt\/wp-json\/wp\/v2\/posts"}],"about":[{"href":"https:\/\/tvbrazilusa.com\/pt\/wp-json\/wp\/v2\/types\/post"}],"author":[{"embeddable":true,"href":"https:\/\/tvbrazilusa.com\/pt\/wp-json\/wp\/v2\/users\/1"}],"replies":[{"embeddable":true,"href":"https:\/\/tvbrazilusa.com\/pt\/wp-json\/wp\/v2\/comments?post=42188"}],"version-history":[{"count":1,"href":"https:\/\/tvbrazilusa.com\/pt\/wp-json\/wp\/v2\/posts\/42188\/revisions"}],"predecessor-version":[{"id":42190,"href":"https:\/\/tvbrazilusa.com\/pt\/wp-json\/wp\/v2\/posts\/42188\/revisions\/42190"}],"wp:featuredmedia":[{"embeddable":true,"href":"https:\/\/tvbrazilusa.com\/pt\/wp-json\/wp\/v2\/media\/42189"}],"wp:attachment":[{"href":"https:\/\/tvbrazilusa.com\/pt\/wp-json\/wp\/v2\/media?parent=42188"}],"wp:term":[{"taxonomy":"category","embeddable":true,"href":"https:\/\/tvbrazilusa.com\/pt\/wp-json\/wp\/v2\/categories?post=42188"},{"taxonomy":"post_tag","embeddable":true,"href":"https:\/\/tvbrazilusa.com\/pt\/wp-json\/wp\/v2\/tags?post=42188"}],"curies":[{"name":"wp","href":"https:\/\/api.w.org\/{rel}","templated":true}]}}