{"id":42210,"date":"2024-09-27T01:20:35","date_gmt":"2024-09-27T01:20:35","guid":{"rendered":"https:\/\/tvbrazilusa.com\/2024\/09\/27\/urgente-moraes-incluiu-folha-de-s-paulo-no-inquerito-das-fake-news-revela-glenn-greenwald\/"},"modified":"2024-09-27T01:20:36","modified_gmt":"2024-09-27T01:20:36","slug":"urgente-moraes-incluiu-folha-de-s-paulo-no-inquerito-das-fake-news-revela-glenn-greenwald","status":"publish","type":"post","link":"https:\/\/tvbrazilusa.com\/pt\/2024\/09\/27\/urgente-moraes-incluiu-folha-de-s-paulo-no-inquerito-das-fake-news-revela-glenn-greenwald\/","title":{"rendered":"URGENTE: &#8216;Moraes incluiu Folha de S.Paulo no inqu\u00e9rito das fake news&#8217;, revela Glenn Greenwald"},"content":{"rendered":"<p> <script async src=\"https:\/\/pagead2.googlesyndication.com\/pagead\/js\/adsbygoogle.js?client=ca-pub-8864793242727901\"\r\n     crossorigin=\"anonymous\"><\/script><br \/>\n<\/p>\n<div>\n<figure class=\"post-image\">\n<\/figure>\n<p><span style=\"font-size: 12px\">REPRODU\u00c7\u00c3O<\/span><\/p>\n<div id=\"taboola-read-more\" style=\"display:block; width:100%\">\n<p>Em uma nova revela\u00e7\u00e3o, o jornalista Glenn Greenwald informou que o ministro do STF, Alexandre de Moraes, decidiu incluir a Folha de S.Paulo no inqu\u00e9rito das fake news. Essa medida acende um debate sobre a liberdade de imprensa e os limites da atua\u00e7\u00e3o judicial.\n<\/p>\n<p>A inclus\u00e3o do ve\u00edculo no inqu\u00e9rito acontece em um contexto de crescente tens\u00e3o entre autoridades e a m\u00eddia, com o governo e setores da sociedade civil expressando preocupa\u00e7\u00f5es sobre a dissemina\u00e7\u00e3o de desinforma\u00e7\u00e3o. Greenwald, conhecido por seu trabalho investigativo, enfatizou a import\u00e2ncia de proteger a integridade do jornalismo em tempos de polariza\u00e7\u00e3o pol\u00edtica.<\/p>\n<p><iframe title=\"&#039;Moraes incluiu Folha de S.Paulo no inqu\u00e9rito das fake news&#039;, revela Glenn Greenwald\" width=\"1170\" height=\"658\" src=\"https:\/\/www.youtube.com\/embed\/wvg5FQk-FTw?feature=oembed\" frameborder=\"0\" allow=\"accelerometer; autoplay; clipboard-write; encrypted-media; gyroscope; picture-in-picture; web-share\" referrerpolicy=\"strict-origin-when-cross-origin\" allowfullscreen><\/iframe>\n<\/p>\n<p>A Folha de S.Paulo ainda n\u00e3o se manifestou sobre a situa\u00e7\u00e3o, mas a decis\u00e3o de Moraes levanta quest\u00f5es sobre como a Justi\u00e7a brasileira est\u00e1 lidando com a complexidade das fake news e sua rela\u00e7\u00e3o com os meios de comunica\u00e7\u00e3o. Observadores jur\u00eddicos alertam que essa a\u00e7\u00e3o pode ter repercuss\u00f5es significativas para a liberdade de express\u00e3o no pa\u00eds.\n<\/p>\n<p>\u00c0 medida que o inqu\u00e9rito avan\u00e7a, a comunidade jornal\u00edstica e o p\u00fablico estar\u00e3o atentos \u00e0s implica\u00e7\u00f5es desta decis\u00e3o e ao impacto que ela pode ter no cen\u00e1rio pol\u00edtico e social do Brasil. <\/p>\n<\/div>\n<div class=\"row mt-3\">\n<div class=\"col-sm-6\">\n<p><a href=\"https:\/\/chat.whatsapp.com\/GwURnmOyPiN1XheGYvCspN\" target=\"_blank\" rel=\"noopener\"><br \/>\n<img decoding=\"async\" src=\"https:\/\/diariodobrasilnoticias.com.br\/assets-site\/images\/bot_whatsapp.png\"\/><\/a>\n<\/div>\n<div class=\"col-sm-6\">\n<a href=\"https:\/\/t.me\/+_4gTmi5LKo03OTM5\" target=\"_blank\" rel=\"noopener\"><br \/>\n<img decoding=\"async\" src=\"https:\/\/diariodobrasilnoticias.com.br\/assets-site\/images\/bot_telegram.png\"\/><\/a>\n<\/div>\n<\/div>\n<\/div>\n<p><br \/>\n<br \/><a href=\"https:\/\/diariodobrasilnoticias.com.br\/noticia\/urgente-moraes-incluiu-folha-de-s-paulo-no-inquerito-das-fake-news-revela-glenn-greenwald-66f5f1958d86c\">Source link <\/a><\/p>","protected":false},"excerpt":{"rendered":"<p>REPRODU\u00c7\u00c3O Em uma nova revela\u00e7\u00e3o, o jornalista Glenn Greenwald informou que o ministro do STF, Alexandre de Moraes, decidiu incluir a Folha de S.Paulo no inqu\u00e9rito das fake news. Essa&hellip;<\/p>","protected":false},"author":1,"featured_media":42211,"comment_status":"closed","ping_status":"open","sticky":false,"template":"","format":"standard","meta":{"content-type":"","footnotes":""},"categories":[16],"tags":[123,2448,5313,1267],"class_list":["post-42210","post","type-post","status-publish","format-standard","has-post-thumbnail","hentry","category-noticias","tag-brasil","tag-diario","tag-noticia","tag-noticias"],"_links":{"self":[{"href":"https:\/\/tvbrazilusa.com\/pt\/wp-json\/wp\/v2\/posts\/42210","targetHints":{"allow":["GET"]}}],"collection":[{"href":"https:\/\/tvbrazilusa.com\/pt\/wp-json\/wp\/v2\/posts"}],"about":[{"href":"https:\/\/tvbrazilusa.com\/pt\/wp-json\/wp\/v2\/types\/post"}],"author":[{"embeddable":true,"href":"https:\/\/tvbrazilusa.com\/pt\/wp-json\/wp\/v2\/users\/1"}],"replies":[{"embeddable":true,"href":"https:\/\/tvbrazilusa.com\/pt\/wp-json\/wp\/v2\/comments?post=42210"}],"version-history":[{"count":1,"href":"https:\/\/tvbrazilusa.com\/pt\/wp-json\/wp\/v2\/posts\/42210\/revisions"}],"predecessor-version":[{"id":42212,"href":"https:\/\/tvbrazilusa.com\/pt\/wp-json\/wp\/v2\/posts\/42210\/revisions\/42212"}],"wp:featuredmedia":[{"embeddable":true,"href":"https:\/\/tvbrazilusa.com\/pt\/wp-json\/wp\/v2\/media\/42211"}],"wp:attachment":[{"href":"https:\/\/tvbrazilusa.com\/pt\/wp-json\/wp\/v2\/media?parent=42210"}],"wp:term":[{"taxonomy":"category","embeddable":true,"href":"https:\/\/tvbrazilusa.com\/pt\/wp-json\/wp\/v2\/categories?post=42210"},{"taxonomy":"post_tag","embeddable":true,"href":"https:\/\/tvbrazilusa.com\/pt\/wp-json\/wp\/v2\/tags?post=42210"}],"curies":[{"name":"wp","href":"https:\/\/api.w.org\/{rel}","templated":true}]}}