{"id":42213,"date":"2024-09-27T01:33:28","date_gmt":"2024-09-27T01:33:28","guid":{"rendered":"https:\/\/tvbrazilusa.com\/2024\/09\/27\/cometa-se-aproximara-da-terra-brilhando-mais-intensamente-que-venus-confira-dicas-para-observacao\/"},"modified":"2024-09-27T01:33:29","modified_gmt":"2024-09-27T01:33:29","slug":"cometa-se-aproximara-da-terra-brilhando-mais-intensamente-que-venus-confira-dicas-para-observacao","status":"publish","type":"post","link":"https:\/\/tvbrazilusa.com\/pt\/2024\/09\/27\/cometa-se-aproximara-da-terra-brilhando-mais-intensamente-que-venus-confira-dicas-para-observacao\/","title":{"rendered":"Cometa se aproximar\u00e1 da Terra, brilhando mais intensamente que V\u00eanus; confira dicas para observa\u00e7\u00e3o"},"content":{"rendered":"<p> <script async src=\"https:\/\/pagead2.googlesyndication.com\/pagead\/js\/adsbygoogle.js?client=ca-pub-8864793242727901\"\r\n     crossorigin=\"anonymous\"><\/script><br \/>\n<\/p>\n<div>\n<p class=\"m-0 p-0 lg:text-pretty body-extra-large text-colors-text dark:text-colors-background overflow-hidden py-3 lg:py-4\">No entanto, as condi\u00e7\u00f5es para sua visualiza\u00e7\u00e3o em seu apogeu, em outubro, podem n\u00e3o ser ideais, j\u00e1 que o cometa ser\u00e1 vis\u00edvel apenas ao anoitecer e aparecer\u00e1 em uma posi\u00e7\u00e3o muito baixa no horizonte.\n<\/p>\n<p class=\"m-0 p-0 lg:text-pretty body-extra-large text-colors-text dark:text-colors-background overflow-hidden py-3 lg:py-4\">\u00a0\n<\/p>\n<p class=\"m-0 p-0 lg:text-pretty body-extra-large text-colors-text dark:text-colors-background overflow-hidden py-3 lg:py-4\">&#8220;O entusiasmo por este corpo celeste foi quase imediato&#8221;, comentou o astrof\u00edsico Gianluca Masi, diretor cient\u00edfico do projeto &#8220;Telesc\u00f3pio Virtual&#8221;.\n<\/p>\n<p class=\"m-0 p-0 lg:text-pretty body-extra-large text-colors-text dark:text-colors-background overflow-hidden py-3 lg:py-4\">\u00a0\n<\/p>\n<p class=\"m-0 p-0 lg:text-pretty body-extra-large text-colors-text dark:text-colors-background overflow-hidden py-3 lg:py-4\">&#8220;No in\u00edcio de outubro, a posi\u00e7\u00e3o [do cometa] quase exata na linha\u00a0<strong>Terra-Sol<\/strong>\u00a0poder\u00e1 deix\u00e1-lo ainda mais brilhante, gra\u00e7as ao efeito f\u00edsico conhecido como &#8216;forward scattering&#8217;, que na pr\u00e1tica, a poeira presente no cometa reflete a luz solar para a frente, portanto, se um cometa passar entre n\u00f3s e o\u00a0<strong>Sol<\/strong>, seu brilho pode ser aumentado dezenas, centenas ou milhares de vezes&#8221;, explicou.\n<\/p>\n<p class=\"m-0 p-0 lg:text-pretty body-extra-large text-colors-text dark:text-colors-background overflow-hidden py-3 lg:py-4\">\u00a0\n<\/p>\n<p class=\"m-0 p-0 lg:text-pretty body-extra-large text-colors-text dark:text-colors-background overflow-hidden py-3 lg:py-4\">E acrescenta: &#8220;O que veremos depender\u00e1 do comportamento do astro&#8221;.\n<\/p>\n<h2 class=\"m-0 p-0 lg:text-pretty headline-small text-colors-text dark:text-colors-background py-3\">Como assistir \u00e0 passagem do cometa?<\/h2>\n<p class=\"m-0 p-0 lg:text-pretty body-extra-large text-colors-text dark:text-colors-background overflow-hidden py-3 lg:py-4\">A primeira transmiss\u00e3o ao vivo do fen\u00f4meno est\u00e1 agendada para o dia 9 de outubro, \u00e0s 18h45 (hor\u00e1rio da It\u00e1lia), e poder\u00e1 ser acompanhada no site do &#8220;Telesc\u00f3pio Virtual&#8221;.\n<\/p>\n<p class=\"m-0 p-0 lg:text-pretty body-extra-large text-colors-text dark:text-colors-background overflow-hidden py-3 lg:py-4\"><strong>Exame\u00a0<\/strong>\n<\/p>\n<\/div>\n<p><br \/>\n<br \/><a href=\"https:\/\/diariodobrasilnoticias.com.br\/noticia\/cometa-se-aproximara-da-terra-brilhando-mais-intensamente-que-venus-confira-dicas-para-observacao-66f5e9aa9c60e\">Source link <\/a><\/p>","protected":false},"excerpt":{"rendered":"<p>No entanto, as condi\u00e7\u00f5es para sua visualiza\u00e7\u00e3o em seu apogeu, em outubro, podem n\u00e3o ser ideais, j\u00e1 que o cometa ser\u00e1 vis\u00edvel apenas ao anoitecer e aparecer\u00e1 em uma posi\u00e7\u00e3o&hellip;<\/p>","protected":false},"author":1,"featured_media":42214,"comment_status":"closed","ping_status":"open","sticky":false,"template":"","format":"standard","meta":{"content-type":"","footnotes":""},"categories":[16],"tags":[123,2448,5313,1267],"class_list":["post-42213","post","type-post","status-publish","format-standard","has-post-thumbnail","hentry","category-noticias","tag-brasil","tag-diario","tag-noticia","tag-noticias"],"_links":{"self":[{"href":"https:\/\/tvbrazilusa.com\/pt\/wp-json\/wp\/v2\/posts\/42213","targetHints":{"allow":["GET"]}}],"collection":[{"href":"https:\/\/tvbrazilusa.com\/pt\/wp-json\/wp\/v2\/posts"}],"about":[{"href":"https:\/\/tvbrazilusa.com\/pt\/wp-json\/wp\/v2\/types\/post"}],"author":[{"embeddable":true,"href":"https:\/\/tvbrazilusa.com\/pt\/wp-json\/wp\/v2\/users\/1"}],"replies":[{"embeddable":true,"href":"https:\/\/tvbrazilusa.com\/pt\/wp-json\/wp\/v2\/comments?post=42213"}],"version-history":[{"count":1,"href":"https:\/\/tvbrazilusa.com\/pt\/wp-json\/wp\/v2\/posts\/42213\/revisions"}],"predecessor-version":[{"id":42215,"href":"https:\/\/tvbrazilusa.com\/pt\/wp-json\/wp\/v2\/posts\/42213\/revisions\/42215"}],"wp:featuredmedia":[{"embeddable":true,"href":"https:\/\/tvbrazilusa.com\/pt\/wp-json\/wp\/v2\/media\/42214"}],"wp:attachment":[{"href":"https:\/\/tvbrazilusa.com\/pt\/wp-json\/wp\/v2\/media?parent=42213"}],"wp:term":[{"taxonomy":"category","embeddable":true,"href":"https:\/\/tvbrazilusa.com\/pt\/wp-json\/wp\/v2\/categories?post=42213"},{"taxonomy":"post_tag","embeddable":true,"href":"https:\/\/tvbrazilusa.com\/pt\/wp-json\/wp\/v2\/tags?post=42213"}],"curies":[{"name":"wp","href":"https:\/\/api.w.org\/{rel}","templated":true}]}}